{"id":985,"date":"2021-10-11T20:37:00","date_gmt":"2021-10-11T20:37:00","guid":{"rendered":"https:\/\/www.laselva1936.com\/?p=985"},"modified":"2024-01-05T22:51:11","modified_gmt":"2024-01-05T22:51:11","slug":"clinica-militar-no-2-vichy-catala-caldes-de-malavella","status":"publish","type":"post","link":"https:\/\/www.laselva1936.com\/index.php\/2021\/10\/11\/clinica-militar-no-2-vichy-catala-caldes-de-malavella\/","title":{"rendered":"CL\u00cdNICA MILITAR N\u00ba 2 VICHY CATAL\u00c0 &#8211; Caldes De Malavella"},"content":{"rendered":"\n<p>El dia 20 de desembre de 1937 es va inaugurar a Caldes de Malavella la Cl\u00ednica Militar n\u00fam. 2 a les instal\u00b7lacions del balneari Vichy Catal\u00e0, que fou incautat l&#8217;estiu de 1936.<\/p>\n\n\n\n<p>Les instal\u00b7lacions de la cl\u00ednica comptaven amb 108 habitacions amb 4 llits, una sala de festes amb 200 llits (amb una possible ampliaci\u00f3), i un altre depend\u00e8ncia amb 100 llits m\u00e9s. En total amb cabuda de 800 soldats perfectament ampliable en cas de necessitat. A la cl\u00ednica treballaven una trentena de professionals m\u00e8dics, entre ells brigadistes internacionals americans i anglesos. El cost mensual de la cl\u00ednica era d&#8217;unes 23.000 pessetes.<\/p>\n\n\n\n<p>A l&#8217;inauguraci\u00f3 van assistir el Vice President de les Corts de la Rep\u00fablica, el Comissari de la Generalitat, el Cap de Sanitat Militar de Catalunya i el President de l&#8217;Audi\u00e8ncia de Girona, entre d&#8217;altres alts c\u00e0rrecs.<\/p>\n\n\n\n<p>El 10 de mar\u00e7 de 1938 el President Llu\u00eds Companys va assistir a un acte d&#8217;homenatge en honor als ferits de guerra celebrat a la Cl\u00ednica Militar n\u00fam.2. Va aprofitar per visitar les instal\u00b7lacions de la cl\u00ednica i les fonts termals. Durant la tarda, tot el poble de Caldes va assistir als jardins de la Cl\u00ednica per rebre l&#8217;arribada del President. En la festa d&#8217;homenatge als ferits de guerra, la Banda Municipal de Barcelona va posar m\u00fasica a la festa fins que a l&#8217;arribar Llu\u00eds Companys la seva pres\u00e8ncia va ser acollida amb grans ovacions i visques a Catalunya i a la Republica. Tot seguit la Banda va tocar Els Segadors. Durant la visita per les instal\u00b7lacions, Companys va visitar als hospitalitzats, que va ser rebut amb cants a la Republica. El President va quedar impactat al presenciar un petit museu on es conservaven trossos de metralla extrets en operacions realitzades en el quir\u00f2fan de la cl\u00ednica.<\/p>\n\n\n\n<p>\ud83d\udcf7Moltes gr\u00e0cies a Turisme Caldes de Malavella per la fotografia principal.<\/p>\n\n\n<div class=\"wp-block-image\">\n<figure class=\"aligncenter size-large is-resized\"><img loading=\"lazy\" decoding=\"async\" width=\"512\" height=\"384\" src=\"https:\/\/www.laselva1936.com\/wp-content\/uploads\/2023\/12\/caldes-definituy-512x384.png\" alt=\"\" class=\"wp-image-986\" style=\"width:784px;height:auto\" srcset=\"https:\/\/www.laselva1936.com\/wp-content\/uploads\/2023\/12\/caldes-definituy-512x384.png 512w, https:\/\/www.laselva1936.com\/wp-content\/uploads\/2023\/12\/caldes-definituy-300x225.png 300w, https:\/\/www.laselva1936.com\/wp-content\/uploads\/2023\/12\/caldes-definituy-768x576.png 768w, https:\/\/www.laselva1936.com\/wp-content\/uploads\/2023\/12\/caldes-definituy.png 1499w\" sizes=\"auto, (max-width: 512px) 100vw, 512px\" \/><\/figure>\n<\/div>\n\n\n<p><\/p>\n","protected":false},"excerpt":{"rendered":"<p>El dia 20 de desembre de 1937 es va inaugurar a Caldes de Malavella la Cl\u00ednica Militar n\u00fam. 2 a les instal\u00b7lacions del balneari Vichy Catal\u00e0, que fou incautat l&#8217;estiu de 1936. Les instal\u00b7lacions de la cl\u00ednica comptaven amb 108 habitacions amb 4 llits, una sala de festes amb 200 llits (amb una possible ampliaci\u00f3), &hellip; <\/p>\n","protected":false},"author":1,"featured_media":986,"comment_status":"open","ping_status":"open","sticky":false,"template":"","format":"standard","meta":{"_monsterinsights_skip_tracking":false,"_monsterinsights_sitenote_active":false,"_monsterinsights_sitenote_note":"","_monsterinsights_sitenote_category":0,"footnotes":""},"categories":[33],"tags":[34],"class_list":["post-985","post","type-post","status-publish","format-standard","has-post-thumbnail","hentry","category-caldes-de-malavella","tag-sanitat","latest_post"],"yoast_head":"<!-- This site is optimized with the Yoast SEO plugin v25.9 - https:\/\/yoast.com\/wordpress\/plugins\/seo\/ -->\n<title>CL\u00cdNICA MILITAR N\u00ba 2 VICHY CATAL\u00c0 - Caldes De Malavella - LA SELVA 1936<\/title>\n<meta name=\"description\" content=\"El dia 20 de desembre de 1937 es va inaugurar a Caldes de Malavella la Cl\u00ednica Militar n\u00fam. 2 a les instal\u00b7lacions del balneari Vichy Catal\u00e0.\" \/>\n<meta name=\"robots\" content=\"index, follow, max-snippet:-1, max-image-preview:large, max-video-preview:-1\" \/>\n<link rel=\"canonical\" href=\"https:\/\/www.laselva1936.com\/index.php\/2021\/10\/11\/clinica-militar-no-2-vichy-catala-caldes-de-malavella\/\" \/>\n<meta property=\"og:locale\" content=\"es_ES\" \/>\n<meta property=\"og:type\" content=\"article\" \/>\n<meta property=\"og:title\" content=\"CL\u00cdNICA MILITAR N\u00ba 2 VICHY CATAL\u00c0 - Caldes De Malavella - LA SELVA 1936\" \/>\n<meta property=\"og:description\" content=\"El dia 20 de desembre de 1937 es va inaugurar a Caldes de Malavella la Cl\u00ednica Militar n\u00fam. 2 a les instal\u00b7lacions del balneari Vichy Catal\u00e0.\" \/>\n<meta property=\"og:url\" content=\"https:\/\/www.laselva1936.com\/index.php\/2021\/10\/11\/clinica-militar-no-2-vichy-catala-caldes-de-malavella\/\" \/>\n<meta property=\"og:site_name\" content=\"LA SELVA 1936\" \/>\n<meta property=\"article:published_time\" content=\"2021-10-11T20:37:00+00:00\" \/>\n<meta property=\"article:modified_time\" content=\"2024-01-05T22:51:11+00:00\" \/>\n<meta property=\"og:image\" content=\"https:\/\/www.laselva1936.com\/wp-content\/uploads\/2023\/12\/caldes-definituy-512x384.png\" \/>\n\t<meta property=\"og:image:width\" content=\"512\" \/>\n\t<meta property=\"og:image:height\" content=\"384\" \/>\n\t<meta property=\"og:image:type\" content=\"image\/png\" \/>\n<meta name=\"author\" content=\"admin\" \/>\n<meta name=\"twitter:card\" content=\"summary_large_image\" \/>\n<meta name=\"twitter:label1\" content=\"Escrito por\" \/>\n\t<meta name=\"twitter:data1\" content=\"admin\" \/>\n\t<meta name=\"twitter:label2\" content=\"Tiempo de lectura\" \/>\n\t<meta name=\"twitter:data2\" content=\"2 minutos\" \/>\n<script type=\"application\/ld+json\" class=\"yoast-schema-graph\">{\"@context\":\"https:\/\/schema.org\",\"@graph\":[{\"@type\":\"Article\",\"@id\":\"https:\/\/www.laselva1936.com\/index.php\/2021\/10\/11\/clinica-militar-no-2-vichy-catala-caldes-de-malavella\/#article\",\"isPartOf\":{\"@id\":\"https:\/\/www.laselva1936.com\/index.php\/2021\/10\/11\/clinica-militar-no-2-vichy-catala-caldes-de-malavella\/\"},\"author\":{\"name\":\"admin\",\"@id\":\"https:\/\/www.laselva1936.com\/#\/schema\/person\/d60fe5471bea90115dd840a889f57670\"},\"headline\":\"CL\u00cdNICA MILITAR N\u00ba 2 VICHY CATAL\u00c0 &#8211; Caldes De Malavella\",\"datePublished\":\"2021-10-11T20:37:00+00:00\",\"dateModified\":\"2024-01-05T22:51:11+00:00\",\"mainEntityOfPage\":{\"@id\":\"https:\/\/www.laselva1936.com\/index.php\/2021\/10\/11\/clinica-militar-no-2-vichy-catala-caldes-de-malavella\/\"},\"wordCount\":330,\"commentCount\":0,\"publisher\":{\"@id\":\"https:\/\/www.laselva1936.com\/#organization\"},\"image\":{\"@id\":\"https:\/\/www.laselva1936.com\/index.php\/2021\/10\/11\/clinica-militar-no-2-vichy-catala-caldes-de-malavella\/#primaryimage\"},\"thumbnailUrl\":\"https:\/\/www.laselva1936.com\/wp-content\/uploads\/2023\/12\/caldes-definituy.png\",\"keywords\":[\"Sanitat\"],\"articleSection\":[\"Caldes de Malavella\"],\"inLanguage\":\"es\",\"potentialAction\":[{\"@type\":\"CommentAction\",\"name\":\"Comment\",\"target\":[\"https:\/\/www.laselva1936.com\/index.php\/2021\/10\/11\/clinica-militar-no-2-vichy-catala-caldes-de-malavella\/#respond\"]}]},{\"@type\":\"WebPage\",\"@id\":\"https:\/\/www.laselva1936.com\/index.php\/2021\/10\/11\/clinica-militar-no-2-vichy-catala-caldes-de-malavella\/\",\"url\":\"https:\/\/www.laselva1936.com\/index.php\/2021\/10\/11\/clinica-militar-no-2-vichy-catala-caldes-de-malavella\/\",\"name\":\"CL\u00cdNICA MILITAR N\u00ba 2 VICHY CATAL\u00c0 - Caldes De Malavella - LA SELVA 1936\",\"isPartOf\":{\"@id\":\"https:\/\/www.laselva1936.com\/#website\"},\"primaryImageOfPage\":{\"@id\":\"https:\/\/www.laselva1936.com\/index.php\/2021\/10\/11\/clinica-militar-no-2-vichy-catala-caldes-de-malavella\/#primaryimage\"},\"image\":{\"@id\":\"https:\/\/www.laselva1936.com\/index.php\/2021\/10\/11\/clinica-militar-no-2-vichy-catala-caldes-de-malavella\/#primaryimage\"},\"thumbnailUrl\":\"https:\/\/www.laselva1936.com\/wp-content\/uploads\/2023\/12\/caldes-definituy.png\",\"datePublished\":\"2021-10-11T20:37:00+00:00\",\"dateModified\":\"2024-01-05T22:51:11+00:00\",\"description\":\"El dia 20 de desembre de 1937 es va inaugurar a Caldes de Malavella la Cl\u00ednica Militar n\u00fam. 2 a les instal\u00b7lacions del balneari Vichy Catal\u00e0.\",\"breadcrumb\":{\"@id\":\"https:\/\/www.laselva1936.com\/index.php\/2021\/10\/11\/clinica-militar-no-2-vichy-catala-caldes-de-malavella\/#breadcrumb\"},\"inLanguage\":\"es\",\"potentialAction\":[{\"@type\":\"ReadAction\",\"target\":[\"https:\/\/www.laselva1936.com\/index.php\/2021\/10\/11\/clinica-militar-no-2-vichy-catala-caldes-de-malavella\/\"]}]},{\"@type\":\"ImageObject\",\"inLanguage\":\"es\",\"@id\":\"https:\/\/www.laselva1936.com\/index.php\/2021\/10\/11\/clinica-militar-no-2-vichy-catala-caldes-de-malavella\/#primaryimage\",\"url\":\"https:\/\/www.laselva1936.com\/wp-content\/uploads\/2023\/12\/caldes-definituy.png\",\"contentUrl\":\"https:\/\/www.laselva1936.com\/wp-content\/uploads\/2023\/12\/caldes-definituy.png\",\"width\":1499,\"height\":1124},{\"@type\":\"BreadcrumbList\",\"@id\":\"https:\/\/www.laselva1936.com\/index.php\/2021\/10\/11\/clinica-militar-no-2-vichy-catala-caldes-de-malavella\/#breadcrumb\",\"itemListElement\":[{\"@type\":\"ListItem\",\"position\":1,\"name\":\"Portada\",\"item\":\"https:\/\/www.laselva1936.com\/\"},{\"@type\":\"ListItem\",\"position\":2,\"name\":\"CL\u00cdNICA MILITAR N\u00ba 2 VICHY CATAL\u00c0 &#8211; Caldes De Malavella\"}]},{\"@type\":\"WebSite\",\"@id\":\"https:\/\/www.laselva1936.com\/#website\",\"url\":\"https:\/\/www.laselva1936.com\/\",\"name\":\"LA SELVA 1936\",\"description\":\"Guerra Civil a la Comarca de la Selva\",\"publisher\":{\"@id\":\"https:\/\/www.laselva1936.com\/#organization\"},\"potentialAction\":[{\"@type\":\"SearchAction\",\"target\":{\"@type\":\"EntryPoint\",\"urlTemplate\":\"https:\/\/www.laselva1936.com\/?s={search_term_string}\"},\"query-input\":{\"@type\":\"PropertyValueSpecification\",\"valueRequired\":true,\"valueName\":\"search_term_string\"}}],\"inLanguage\":\"es\"},{\"@type\":\"Organization\",\"@id\":\"https:\/\/www.laselva1936.com\/#organization\",\"name\":\"LASELVA1936\",\"url\":\"https:\/\/www.laselva1936.com\/\",\"logo\":{\"@type\":\"ImageObject\",\"inLanguage\":\"es\",\"@id\":\"https:\/\/www.laselva1936.com\/#\/schema\/logo\/image\/\",\"url\":\"https:\/\/www.laselva1936.com\/wp-content\/uploads\/2023\/12\/logo-selba-1-e1703449298413.png\",\"contentUrl\":\"https:\/\/www.laselva1936.com\/wp-content\/uploads\/2023\/12\/logo-selba-1-e1703449298413.png\",\"width\":202,\"height\":197,\"caption\":\"LASELVA1936\"},\"image\":{\"@id\":\"https:\/\/www.laselva1936.com\/#\/schema\/logo\/image\/\"}},{\"@type\":\"Person\",\"@id\":\"https:\/\/www.laselva1936.com\/#\/schema\/person\/d60fe5471bea90115dd840a889f57670\",\"name\":\"admin\",\"image\":{\"@type\":\"ImageObject\",\"inLanguage\":\"es\",\"@id\":\"https:\/\/www.laselva1936.com\/#\/schema\/person\/image\/\",\"url\":\"https:\/\/secure.gravatar.com\/avatar\/bd3e3fb8e72565e5614e9ad869ceec67a2d2d5ff7a73db7791b31003ff67f31c?s=96&d=mm&r=g\",\"contentUrl\":\"https:\/\/secure.gravatar.com\/avatar\/bd3e3fb8e72565e5614e9ad869ceec67a2d2d5ff7a73db7791b31003ff67f31c?s=96&d=mm&r=g\",\"caption\":\"admin\"},\"sameAs\":[\"https:\/\/www.laselva1936.com\"],\"url\":\"https:\/\/www.laselva1936.com\/index.php\/author\/admin\/\"}]}<\/script>\n<!-- \/ Yoast SEO plugin. -->","yoast_head_json":{"title":"CL\u00cdNICA MILITAR N\u00ba 2 VICHY CATAL\u00c0 - Caldes De Malavella - LA SELVA 1936","description":"El dia 20 de desembre de 1937 es va inaugurar a Caldes de Malavella la Cl\u00ednica Militar n\u00fam. 2 a les instal\u00b7lacions del balneari Vichy Catal\u00e0.","robots":{"index":"index","follow":"follow","max-snippet":"max-snippet:-1","max-image-preview":"max-image-preview:large","max-video-preview":"max-video-preview:-1"},"canonical":"https:\/\/www.laselva1936.com\/index.php\/2021\/10\/11\/clinica-militar-no-2-vichy-catala-caldes-de-malavella\/","og_locale":"es_ES","og_type":"article","og_title":"CL\u00cdNICA MILITAR N\u00ba 2 VICHY CATAL\u00c0 - Caldes De Malavella - LA SELVA 1936","og_description":"El dia 20 de desembre de 1937 es va inaugurar a Caldes de Malavella la Cl\u00ednica Militar n\u00fam. 2 a les instal\u00b7lacions del balneari Vichy Catal\u00e0.","og_url":"https:\/\/www.laselva1936.com\/index.php\/2021\/10\/11\/clinica-militar-no-2-vichy-catala-caldes-de-malavella\/","og_site_name":"LA SELVA 1936","article_published_time":"2021-10-11T20:37:00+00:00","article_modified_time":"2024-01-05T22:51:11+00:00","og_image":[{"width":512,"height":384,"url":"https:\/\/www.laselva1936.com\/wp-content\/uploads\/2023\/12\/caldes-definituy-512x384.png","type":"image\/png"}],"author":"admin","twitter_card":"summary_large_image","twitter_misc":{"Escrito por":"admin","Tiempo de lectura":"2 minutos"},"schema":{"@context":"https:\/\/schema.org","@graph":[{"@type":"Article","@id":"https:\/\/www.laselva1936.com\/index.php\/2021\/10\/11\/clinica-militar-no-2-vichy-catala-caldes-de-malavella\/#article","isPartOf":{"@id":"https:\/\/www.laselva1936.com\/index.php\/2021\/10\/11\/clinica-militar-no-2-vichy-catala-caldes-de-malavella\/"},"author":{"name":"admin","@id":"https:\/\/www.laselva1936.com\/#\/schema\/person\/d60fe5471bea90115dd840a889f57670"},"headline":"CL\u00cdNICA MILITAR N\u00ba 2 VICHY CATAL\u00c0 &#8211; Caldes De Malavella","datePublished":"2021-10-11T20:37:00+00:00","dateModified":"2024-01-05T22:51:11+00:00","mainEntityOfPage":{"@id":"https:\/\/www.laselva1936.com\/index.php\/2021\/10\/11\/clinica-militar-no-2-vichy-catala-caldes-de-malavella\/"},"wordCount":330,"commentCount":0,"publisher":{"@id":"https:\/\/www.laselva1936.com\/#organization"},"image":{"@id":"https:\/\/www.laselva1936.com\/index.php\/2021\/10\/11\/clinica-militar-no-2-vichy-catala-caldes-de-malavella\/#primaryimage"},"thumbnailUrl":"https:\/\/www.laselva1936.com\/wp-content\/uploads\/2023\/12\/caldes-definituy.png","keywords":["Sanitat"],"articleSection":["Caldes de Malavella"],"inLanguage":"es","potentialAction":[{"@type":"CommentAction","name":"Comment","target":["https:\/\/www.laselva1936.com\/index.php\/2021\/10\/11\/clinica-militar-no-2-vichy-catala-caldes-de-malavella\/#respond"]}]},{"@type":"WebPage","@id":"https:\/\/www.laselva1936.com\/index.php\/2021\/10\/11\/clinica-militar-no-2-vichy-catala-caldes-de-malavella\/","url":"https:\/\/www.laselva1936.com\/index.php\/2021\/10\/11\/clinica-militar-no-2-vichy-catala-caldes-de-malavella\/","name":"CL\u00cdNICA MILITAR N\u00ba 2 VICHY CATAL\u00c0 - Caldes De Malavella - LA SELVA 1936","isPartOf":{"@id":"https:\/\/www.laselva1936.com\/#website"},"primaryImageOfPage":{"@id":"https:\/\/www.laselva1936.com\/index.php\/2021\/10\/11\/clinica-militar-no-2-vichy-catala-caldes-de-malavella\/#primaryimage"},"image":{"@id":"https:\/\/www.laselva1936.com\/index.php\/2021\/10\/11\/clinica-militar-no-2-vichy-catala-caldes-de-malavella\/#primaryimage"},"thumbnailUrl":"https:\/\/www.laselva1936.com\/wp-content\/uploads\/2023\/12\/caldes-definituy.png","datePublished":"2021-10-11T20:37:00+00:00","dateModified":"2024-01-05T22:51:11+00:00","description":"El dia 20 de desembre de 1937 es va inaugurar a Caldes de Malavella la Cl\u00ednica Militar n\u00fam. 2 a les instal\u00b7lacions del balneari Vichy Catal\u00e0.","breadcrumb":{"@id":"https:\/\/www.laselva1936.com\/index.php\/2021\/10\/11\/clinica-militar-no-2-vichy-catala-caldes-de-malavella\/#breadcrumb"},"inLanguage":"es","potentialAction":[{"@type":"ReadAction","target":["https:\/\/www.laselva1936.com\/index.php\/2021\/10\/11\/clinica-militar-no-2-vichy-catala-caldes-de-malavella\/"]}]},{"@type":"ImageObject","inLanguage":"es","@id":"https:\/\/www.laselva1936.com\/index.php\/2021\/10\/11\/clinica-militar-no-2-vichy-catala-caldes-de-malavella\/#primaryimage","url":"https:\/\/www.laselva1936.com\/wp-content\/uploads\/2023\/12\/caldes-definituy.png","contentUrl":"https:\/\/www.laselva1936.com\/wp-content\/uploads\/2023\/12\/caldes-definituy.png","width":1499,"height":1124},{"@type":"BreadcrumbList","@id":"https:\/\/www.laselva1936.com\/index.php\/2021\/10\/11\/clinica-militar-no-2-vichy-catala-caldes-de-malavella\/#breadcrumb","itemListElement":[{"@type":"ListItem","position":1,"name":"Portada","item":"https:\/\/www.laselva1936.com\/"},{"@type":"ListItem","position":2,"name":"CL\u00cdNICA MILITAR N\u00ba 2 VICHY CATAL\u00c0 &#8211; Caldes De Malavella"}]},{"@type":"WebSite","@id":"https:\/\/www.laselva1936.com\/#website","url":"https:\/\/www.laselva1936.com\/","name":"LA SELVA 1936","description":"Guerra Civil a la Comarca de la Selva","publisher":{"@id":"https:\/\/www.laselva1936.com\/#organization"},"potentialAction":[{"@type":"SearchAction","target":{"@type":"EntryPoint","urlTemplate":"https:\/\/www.laselva1936.com\/?s={search_term_string}"},"query-input":{"@type":"PropertyValueSpecification","valueRequired":true,"valueName":"search_term_string"}}],"inLanguage":"es"},{"@type":"Organization","@id":"https:\/\/www.laselva1936.com\/#organization","name":"LASELVA1936","url":"https:\/\/www.laselva1936.com\/","logo":{"@type":"ImageObject","inLanguage":"es","@id":"https:\/\/www.laselva1936.com\/#\/schema\/logo\/image\/","url":"https:\/\/www.laselva1936.com\/wp-content\/uploads\/2023\/12\/logo-selba-1-e1703449298413.png","contentUrl":"https:\/\/www.laselva1936.com\/wp-content\/uploads\/2023\/12\/logo-selba-1-e1703449298413.png","width":202,"height":197,"caption":"LASELVA1936"},"image":{"@id":"https:\/\/www.laselva1936.com\/#\/schema\/logo\/image\/"}},{"@type":"Person","@id":"https:\/\/www.laselva1936.com\/#\/schema\/person\/d60fe5471bea90115dd840a889f57670","name":"admin","image":{"@type":"ImageObject","inLanguage":"es","@id":"https:\/\/www.laselva1936.com\/#\/schema\/person\/image\/","url":"https:\/\/secure.gravatar.com\/avatar\/bd3e3fb8e72565e5614e9ad869ceec67a2d2d5ff7a73db7791b31003ff67f31c?s=96&d=mm&r=g","contentUrl":"https:\/\/secure.gravatar.com\/avatar\/bd3e3fb8e72565e5614e9ad869ceec67a2d2d5ff7a73db7791b31003ff67f31c?s=96&d=mm&r=g","caption":"admin"},"sameAs":["https:\/\/www.laselva1936.com"],"url":"https:\/\/www.laselva1936.com\/index.php\/author\/admin\/"}]}},"_links":{"self":[{"href":"https:\/\/www.laselva1936.com\/index.php\/wp-json\/wp\/v2\/posts\/985","targetHints":{"allow":["GET"]}}],"collection":[{"href":"https:\/\/www.laselva1936.com\/index.php\/wp-json\/wp\/v2\/posts"}],"about":[{"href":"https:\/\/www.laselva1936.com\/index.php\/wp-json\/wp\/v2\/types\/post"}],"author":[{"embeddable":true,"href":"https:\/\/www.laselva1936.com\/index.php\/wp-json\/wp\/v2\/users\/1"}],"replies":[{"embeddable":true,"href":"https:\/\/www.laselva1936.com\/index.php\/wp-json\/wp\/v2\/comments?post=985"}],"version-history":[{"count":2,"href":"https:\/\/www.laselva1936.com\/index.php\/wp-json\/wp\/v2\/posts\/985\/revisions"}],"predecessor-version":[{"id":1002,"href":"https:\/\/www.laselva1936.com\/index.php\/wp-json\/wp\/v2\/posts\/985\/revisions\/1002"}],"wp:featuredmedia":[{"embeddable":true,"href":"https:\/\/www.laselva1936.com\/index.php\/wp-json\/wp\/v2\/media\/986"}],"wp:attachment":[{"href":"https:\/\/www.laselva1936.com\/index.php\/wp-json\/wp\/v2\/media?parent=985"}],"wp:term":[{"taxonomy":"category","embeddable":true,"href":"https:\/\/www.laselva1936.com\/index.php\/wp-json\/wp\/v2\/categories?post=985"},{"taxonomy":"post_tag","embeddable":true,"href":"https:\/\/www.laselva1936.com\/index.php\/wp-json\/wp\/v2\/tags?post=985"}],"curies":[{"name":"wp","href":"https:\/\/api.w.org\/{rel}","templated":true}]}}