{"id":1134,"date":"2025-09-16T11:24:40","date_gmt":"2025-09-16T11:24:40","guid":{"rendered":"https:\/\/www.laselva1936.com\/?p=1134"},"modified":"2025-09-16T11:25:39","modified_gmt":"2025-09-16T11:25:39","slug":"refugi-antiaeri-guerra-civil-blanes-carrer-girbau","status":"publish","type":"post","link":"https:\/\/www.laselva1936.com\/index.php\/2025\/09\/16\/refugi-antiaeri-guerra-civil-blanes-carrer-girbau\/","title":{"rendered":"REFUGI ANTIAERI GUERRA CIVIL BLANES (Carrer Girbau)"},"content":{"rendered":"\n<p>El passat divendres 4 d\u2019abril de 2025 es va inaugurar la senyalitzaci\u00f3 i la muse\u00eftzaci\u00f3 del primer element patrimonial de la Guerra Civil a Blanes: un dels primers refugis antiaeris constru\u00efts al municipi.<br>Aquesta tasca va ser duta a terme per l\u2019empresa GRIEGC, amb la col\u00b7laboraci\u00f3 de l\u2019Arxiu Municipal i el suport t\u00e8cnic dels seus responsables.<\/p>\n\n\n\n<p>L\u2019impacte de la not\u00edcia va ser tan gran que, el dia de la inauguraci\u00f3, hi van assistir una vintena de periodistes; entre ells hi havia representants dels informatius de TV3, TVE i TV La Selva. A m\u00e9s, el programa <em>Tot es mou<\/em> de TV3 va emetre en directe l\u2019acc\u00e9s al refugi.<\/p>\n\n\n<div class=\"wp-block-image\">\n<figure class=\"aligncenter size-large is-resized\"><img loading=\"lazy\" decoding=\"async\" width=\"512\" height=\"288\" src=\"https:\/\/www.laselva1936.com\/wp-content\/uploads\/2025\/09\/488829939_970620268592533_7879900046513372162_n-512x288.jpg\" alt=\"\" class=\"wp-image-1135\" style=\"width:512px;height:auto\" srcset=\"https:\/\/www.laselva1936.com\/wp-content\/uploads\/2025\/09\/488829939_970620268592533_7879900046513372162_n-512x288.jpg 512w, https:\/\/www.laselva1936.com\/wp-content\/uploads\/2025\/09\/488829939_970620268592533_7879900046513372162_n-300x169.jpg 300w, https:\/\/www.laselva1936.com\/wp-content\/uploads\/2025\/09\/488829939_970620268592533_7879900046513372162_n-768x432.jpg 768w, https:\/\/www.laselva1936.com\/wp-content\/uploads\/2025\/09\/488829939_970620268592533_7879900046513372162_n-1536x864.jpg 1536w, https:\/\/www.laselva1936.com\/wp-content\/uploads\/2025\/09\/488829939_970620268592533_7879900046513372162_n-107x60.jpg 107w, https:\/\/www.laselva1936.com\/wp-content\/uploads\/2025\/09\/488829939_970620268592533_7879900046513372162_n.jpg 2048w\" sizes=\"auto, (max-width: 512px) 100vw, 512px\" \/><figcaption class=\"wp-element-caption\">Periodista de <strong><em>Tot es mou<\/em> <\/strong>de TV3<\/figcaption><\/figure>\n<\/div>\n\n\n<p>La data escollida per a la inauguraci\u00f3, el 4 d\u2019abril, no va ser casual: aquell dia es complien 88 anys del primer bombardeig sobre la vila de Blanes. L\u2019atac va ser protagonitzat per un SM.81 de l\u2019aviaci\u00f3 legion\u00e0ria italiana, procedent de Mallorca, que, a causa d\u2019un problema en el mecanisme de llan\u00e7ament mentre bombardejava Badalona, va acabar llen\u00e7ant les bombes sobre el port i la poblaci\u00f3 de Blanes.<\/p>\n\n\n\n<div class=\"wp-block-group\"><div class=\"wp-block-group__inner-container is-layout-constrained wp-block-group-is-layout-constrained\">\n<div class=\"wp-block-columns is-layout-flex wp-container-core-columns-is-layout-9d6595d7 wp-block-columns-is-layout-flex\">\n<div class=\"wp-block-column is-layout-flow wp-block-column-is-layout-flow\" style=\"flex-basis:100%\"><div class=\"wp-block-image\">\n<figure class=\"aligncenter size-large\"><img loading=\"lazy\" decoding=\"async\" width=\"512\" height=\"288\" src=\"https:\/\/www.laselva1936.com\/wp-content\/uploads\/2025\/09\/488762006_970621458592414_6177708653770108987_n-512x288.jpg\" alt=\"\" class=\"wp-image-1136\" srcset=\"https:\/\/www.laselva1936.com\/wp-content\/uploads\/2025\/09\/488762006_970621458592414_6177708653770108987_n-512x288.jpg 512w, https:\/\/www.laselva1936.com\/wp-content\/uploads\/2025\/09\/488762006_970621458592414_6177708653770108987_n-300x169.jpg 300w, https:\/\/www.laselva1936.com\/wp-content\/uploads\/2025\/09\/488762006_970621458592414_6177708653770108987_n-768x432.jpg 768w, https:\/\/www.laselva1936.com\/wp-content\/uploads\/2025\/09\/488762006_970621458592414_6177708653770108987_n-107x60.jpg 107w, https:\/\/www.laselva1936.com\/wp-content\/uploads\/2025\/09\/488762006_970621458592414_6177708653770108987_n.jpg 1280w\" sizes=\"auto, (max-width: 512px) 100vw, 512px\" \/><\/figure>\n<\/div><\/div>\n<\/div>\n<\/div><\/div>\n\n\n\n<p>L\u2019acte oficial d\u2019inauguraci\u00f3 es va celebrar l\u2019endem\u00e0, 5 d\u2019abril, i hi van assistir m\u00e9s de 300 persones. Aquests van poder con\u00e8ixer aquest primer element patrimonial de la ciutat: un espai de mem\u00f2ria i de pau que vol retre homenatge i mantenir viva la mem\u00f2ria dels pares, avis i besavis que van patir els bombardejos durant la Guerra Civil. Durant l\u2019acte hi van intervenir l\u2019alcalde Jordi Hernandez, la regidora M\u00f2nica Rabassa i l&#8217;investigador de <em>La Selva 1936<\/em> i col\u00b7laborador de GRIEGC, Joan Garcia.<\/p>\n\n\n\n<div class=\"wp-block-group is-nowrap is-layout-flex wp-container-core-group-is-layout-ad2f72ca wp-block-group-is-layout-flex\">\n<figure class=\"wp-block-image size-large\"><img loading=\"lazy\" decoding=\"async\" width=\"512\" height=\"288\" src=\"https:\/\/www.laselva1936.com\/wp-content\/uploads\/2025\/09\/489034726_972891655032061_2426135305178293597_n-512x288.jpg\" alt=\"\" class=\"wp-image-1139\" style=\"aspect-ratio:4\/3;object-fit:cover\" srcset=\"https:\/\/www.laselva1936.com\/wp-content\/uploads\/2025\/09\/489034726_972891655032061_2426135305178293597_n-512x288.jpg 512w, https:\/\/www.laselva1936.com\/wp-content\/uploads\/2025\/09\/489034726_972891655032061_2426135305178293597_n-300x169.jpg 300w, https:\/\/www.laselva1936.com\/wp-content\/uploads\/2025\/09\/489034726_972891655032061_2426135305178293597_n-768x432.jpg 768w, https:\/\/www.laselva1936.com\/wp-content\/uploads\/2025\/09\/489034726_972891655032061_2426135305178293597_n-1536x864.jpg 1536w, https:\/\/www.laselva1936.com\/wp-content\/uploads\/2025\/09\/489034726_972891655032061_2426135305178293597_n-107x60.jpg 107w, https:\/\/www.laselva1936.com\/wp-content\/uploads\/2025\/09\/489034726_972891655032061_2426135305178293597_n.jpg 2048w\" sizes=\"auto, (max-width: 512px) 100vw, 512px\" \/><\/figure>\n\n\n\n<figure class=\"wp-block-image size-large\"><img loading=\"lazy\" decoding=\"async\" width=\"384\" height=\"512\" src=\"https:\/\/www.laselva1936.com\/wp-content\/uploads\/2025\/09\/WhatsApp-Image-2025-04-05-at-22.03.26-384x512.jpeg\" alt=\"\" class=\"wp-image-1140\" style=\"aspect-ratio:1;object-fit:cover\" srcset=\"https:\/\/www.laselva1936.com\/wp-content\/uploads\/2025\/09\/WhatsApp-Image-2025-04-05-at-22.03.26-384x512.jpeg 384w, https:\/\/www.laselva1936.com\/wp-content\/uploads\/2025\/09\/WhatsApp-Image-2025-04-05-at-22.03.26-225x300.jpeg 225w, https:\/\/www.laselva1936.com\/wp-content\/uploads\/2025\/09\/WhatsApp-Image-2025-04-05-at-22.03.26-768x1024.jpeg 768w, https:\/\/www.laselva1936.com\/wp-content\/uploads\/2025\/09\/WhatsApp-Image-2025-04-05-at-22.03.26-1152x1536.jpeg 1152w, https:\/\/www.laselva1936.com\/wp-content\/uploads\/2025\/09\/WhatsApp-Image-2025-04-05-at-22.03.26-1536x2048.jpeg 1536w, https:\/\/www.laselva1936.com\/wp-content\/uploads\/2025\/09\/WhatsApp-Image-2025-04-05-at-22.03.26-45x60.jpeg 45w, https:\/\/www.laselva1936.com\/wp-content\/uploads\/2025\/09\/WhatsApp-Image-2025-04-05-at-22.03.26-scaled.jpeg 1920w\" sizes=\"auto, (max-width: 384px) 100vw, 384px\" \/><\/figure>\n<\/div>\n\n\n\n<p>En el marc de la inauguraci\u00f3 es va organitzar una petita exposici\u00f3 amb material original de l\u2019\u00e8poca, on el p\u00fablic va poder observar m\u00e0scares antigues, cascs, mapes i altres objectes hist\u00f2rics, tots ells aut\u00e8ntics i vinculats a la Guerra Civil.<\/p>\n\n\n\n<figure class=\"wp-block-gallery has-nested-images columns-default is-cropped wp-block-gallery-1 is-layout-flex wp-block-gallery-is-layout-flex\">\n<figure class=\"wp-block-image size-large\"><img loading=\"lazy\" decoding=\"async\" width=\"512\" height=\"342\" data-id=\"1144\" src=\"https:\/\/www.laselva1936.com\/wp-content\/uploads\/2025\/09\/ddf7a6e4-267a-479d-81cb-cea7eb481538_source-aspect-ratio_50p_0-512x342.jpg\" alt=\"\" class=\"wp-image-1144\" srcset=\"https:\/\/www.laselva1936.com\/wp-content\/uploads\/2025\/09\/ddf7a6e4-267a-479d-81cb-cea7eb481538_source-aspect-ratio_50p_0-512x342.jpg 512w, https:\/\/www.laselva1936.com\/wp-content\/uploads\/2025\/09\/ddf7a6e4-267a-479d-81cb-cea7eb481538_source-aspect-ratio_50p_0-300x200.jpg 300w, https:\/\/www.laselva1936.com\/wp-content\/uploads\/2025\/09\/ddf7a6e4-267a-479d-81cb-cea7eb481538_source-aspect-ratio_50p_0-768x512.jpg 768w, https:\/\/www.laselva1936.com\/wp-content\/uploads\/2025\/09\/ddf7a6e4-267a-479d-81cb-cea7eb481538_source-aspect-ratio_50p_0-90x60.jpg 90w, https:\/\/www.laselva1936.com\/wp-content\/uploads\/2025\/09\/ddf7a6e4-267a-479d-81cb-cea7eb481538_source-aspect-ratio_50p_0-374x249.jpg 374w, https:\/\/www.laselva1936.com\/wp-content\/uploads\/2025\/09\/ddf7a6e4-267a-479d-81cb-cea7eb481538_source-aspect-ratio_50p_0.jpg 1000w\" sizes=\"auto, (max-width: 512px) 100vw, 512px\" \/><\/figure>\n\n\n\n<figure class=\"wp-block-image size-large\"><img loading=\"lazy\" decoding=\"async\" width=\"512\" height=\"342\" data-id=\"1143\" src=\"https:\/\/www.laselva1936.com\/wp-content\/uploads\/2025\/09\/dd18c029-6b59-4c6a-a61d-cb5be2c08224_source-aspect-ratio_50p_0-512x342.jpg\" alt=\"\" class=\"wp-image-1143\" srcset=\"https:\/\/www.laselva1936.com\/wp-content\/uploads\/2025\/09\/dd18c029-6b59-4c6a-a61d-cb5be2c08224_source-aspect-ratio_50p_0-512x342.jpg 512w, https:\/\/www.laselva1936.com\/wp-content\/uploads\/2025\/09\/dd18c029-6b59-4c6a-a61d-cb5be2c08224_source-aspect-ratio_50p_0-300x200.jpg 300w, https:\/\/www.laselva1936.com\/wp-content\/uploads\/2025\/09\/dd18c029-6b59-4c6a-a61d-cb5be2c08224_source-aspect-ratio_50p_0-768x512.jpg 768w, https:\/\/www.laselva1936.com\/wp-content\/uploads\/2025\/09\/dd18c029-6b59-4c6a-a61d-cb5be2c08224_source-aspect-ratio_50p_0-90x60.jpg 90w, https:\/\/www.laselva1936.com\/wp-content\/uploads\/2025\/09\/dd18c029-6b59-4c6a-a61d-cb5be2c08224_source-aspect-ratio_50p_0-374x249.jpg 374w, https:\/\/www.laselva1936.com\/wp-content\/uploads\/2025\/09\/dd18c029-6b59-4c6a-a61d-cb5be2c08224_source-aspect-ratio_50p_0.jpg 1000w\" sizes=\"auto, (max-width: 512px) 100vw, 512px\" \/><\/figure>\n\n\n\n<figure class=\"wp-block-image size-large\"><img loading=\"lazy\" decoding=\"async\" width=\"512\" height=\"342\" data-id=\"1142\" src=\"https:\/\/www.laselva1936.com\/wp-content\/uploads\/2025\/09\/8aae5a48-0f85-4ed8-b3c5-6b0e9972a69d_source-aspect-ratio_50p_0-512x342.jpg\" alt=\"\" class=\"wp-image-1142\" srcset=\"https:\/\/www.laselva1936.com\/wp-content\/uploads\/2025\/09\/8aae5a48-0f85-4ed8-b3c5-6b0e9972a69d_source-aspect-ratio_50p_0-512x342.jpg 512w, https:\/\/www.laselva1936.com\/wp-content\/uploads\/2025\/09\/8aae5a48-0f85-4ed8-b3c5-6b0e9972a69d_source-aspect-ratio_50p_0-300x200.jpg 300w, https:\/\/www.laselva1936.com\/wp-content\/uploads\/2025\/09\/8aae5a48-0f85-4ed8-b3c5-6b0e9972a69d_source-aspect-ratio_50p_0-768x512.jpg 768w, https:\/\/www.laselva1936.com\/wp-content\/uploads\/2025\/09\/8aae5a48-0f85-4ed8-b3c5-6b0e9972a69d_source-aspect-ratio_50p_0-90x60.jpg 90w, https:\/\/www.laselva1936.com\/wp-content\/uploads\/2025\/09\/8aae5a48-0f85-4ed8-b3c5-6b0e9972a69d_source-aspect-ratio_50p_0-374x249.jpg 374w, https:\/\/www.laselva1936.com\/wp-content\/uploads\/2025\/09\/8aae5a48-0f85-4ed8-b3c5-6b0e9972a69d_source-aspect-ratio_50p_0.jpg 1000w\" sizes=\"auto, (max-width: 512px) 100vw, 512px\" \/><\/figure>\n<\/figure>\n\n\n\n<p>La visita al refugi va comptar amb la participaci\u00f3 de l\u2019historiador i col\u00b7laborador de GRIEGC, Aciel Aguilar, que, caracteritzat com un soldat de l\u2019ex\u00e8rcit de la Rep\u00fablica, va oferir una recreaci\u00f3 hist\u00f2rica. Mitjan\u00e7ant les seves explicacions, va il\u00b7lustrar el funcionament del refugi i el paper que aquests espais van tenir com a protecci\u00f3 de la poblaci\u00f3 civil durant els bombardejos.<\/p>\n\n\n\n<figure class=\"wp-block-gallery has-nested-images columns-default is-cropped wp-block-gallery-2 is-layout-flex wp-block-gallery-is-layout-flex\">\n<figure class=\"wp-block-image size-large\"><img loading=\"lazy\" decoding=\"async\" width=\"384\" height=\"512\" data-id=\"1145\" src=\"https:\/\/www.laselva1936.com\/wp-content\/uploads\/2025\/09\/WhatsApp-Image-2025-04-05-at-22.03.26-6-384x512.jpeg\" alt=\"\" class=\"wp-image-1145\" srcset=\"https:\/\/www.laselva1936.com\/wp-content\/uploads\/2025\/09\/WhatsApp-Image-2025-04-05-at-22.03.26-6-384x512.jpeg 384w, https:\/\/www.laselva1936.com\/wp-content\/uploads\/2025\/09\/WhatsApp-Image-2025-04-05-at-22.03.26-6-225x300.jpeg 225w, https:\/\/www.laselva1936.com\/wp-content\/uploads\/2025\/09\/WhatsApp-Image-2025-04-05-at-22.03.26-6-768x1024.jpeg 768w, https:\/\/www.laselva1936.com\/wp-content\/uploads\/2025\/09\/WhatsApp-Image-2025-04-05-at-22.03.26-6-1152x1536.jpeg 1152w, https:\/\/www.laselva1936.com\/wp-content\/uploads\/2025\/09\/WhatsApp-Image-2025-04-05-at-22.03.26-6-1536x2048.jpeg 1536w, https:\/\/www.laselva1936.com\/wp-content\/uploads\/2025\/09\/WhatsApp-Image-2025-04-05-at-22.03.26-6-45x60.jpeg 45w, https:\/\/www.laselva1936.com\/wp-content\/uploads\/2025\/09\/WhatsApp-Image-2025-04-05-at-22.03.26-6-scaled.jpeg 1920w\" sizes=\"auto, (max-width: 384px) 100vw, 384px\" \/><\/figure>\n\n\n\n<figure class=\"wp-block-image size-large\"><img loading=\"lazy\" decoding=\"async\" width=\"384\" height=\"512\" data-id=\"1141\" src=\"https:\/\/www.laselva1936.com\/wp-content\/uploads\/2025\/09\/WhatsApp-Image-2025-04-05-at-22.03.24-4-384x512.jpeg\" alt=\"\" class=\"wp-image-1141\" srcset=\"https:\/\/www.laselva1936.com\/wp-content\/uploads\/2025\/09\/WhatsApp-Image-2025-04-05-at-22.03.24-4-384x512.jpeg 384w, https:\/\/www.laselva1936.com\/wp-content\/uploads\/2025\/09\/WhatsApp-Image-2025-04-05-at-22.03.24-4-225x300.jpeg 225w, https:\/\/www.laselva1936.com\/wp-content\/uploads\/2025\/09\/WhatsApp-Image-2025-04-05-at-22.03.24-4-768x1024.jpeg 768w, https:\/\/www.laselva1936.com\/wp-content\/uploads\/2025\/09\/WhatsApp-Image-2025-04-05-at-22.03.24-4-1152x1536.jpeg 1152w, https:\/\/www.laselva1936.com\/wp-content\/uploads\/2025\/09\/WhatsApp-Image-2025-04-05-at-22.03.24-4-1536x2048.jpeg 1536w, https:\/\/www.laselva1936.com\/wp-content\/uploads\/2025\/09\/WhatsApp-Image-2025-04-05-at-22.03.24-4-45x60.jpeg 45w, https:\/\/www.laselva1936.com\/wp-content\/uploads\/2025\/09\/WhatsApp-Image-2025-04-05-at-22.03.24-4-scaled.jpeg 1920w\" sizes=\"auto, (max-width: 384px) 100vw, 384px\" \/><\/figure>\n<\/figure>\n\n\n\n<p>El refugi antiaeri de Blanes es presenta com un espai de mem\u00f2ria i de pau. Tot i que est\u00e0 tancat al p\u00fablic, s\u2019hi ha creat una experi\u00e8ncia expositiva: a l\u2019exterior es pot veure una r\u00e8plica del cartell que encap\u00e7alava l\u2019entrada, dos plafons informatius \u2014un de gran format, amb el relat dels bombardejos a la localitat, i un altre m\u00e9s petit, explicatiu del vestigi\u2014, i dos maniquins vestits amb roba d\u2019\u00e8poca. Des de fora, a trav\u00e9s d\u2019una porta amb obertures, \u00e9s visible part de l\u2019interior del refugi i la seva muse\u00eftzaci\u00f3. A m\u00e9s, el refugi es pot apreciar les 24 hores del dia, ja que disposa d\u2019una il\u00b7luminaci\u00f3 interior que s\u2019enc\u00e9n autom\u00e0ticament amb l\u2019enllumenat p\u00fablic.<\/p>\n\n\n\n<figure class=\"wp-block-gallery has-nested-images columns-default is-cropped wp-block-gallery-3 is-layout-flex wp-block-gallery-is-layout-flex\">\n<figure class=\"wp-block-image size-large\"><img loading=\"lazy\" decoding=\"async\" width=\"512\" height=\"288\" data-id=\"1148\" src=\"https:\/\/www.laselva1936.com\/wp-content\/uploads\/2025\/09\/488361063_970621415259085_1827421920651583883_n-512x288.jpg\" alt=\"\" class=\"wp-image-1148\" srcset=\"https:\/\/www.laselva1936.com\/wp-content\/uploads\/2025\/09\/488361063_970621415259085_1827421920651583883_n-512x288.jpg 512w, https:\/\/www.laselva1936.com\/wp-content\/uploads\/2025\/09\/488361063_970621415259085_1827421920651583883_n-300x169.jpg 300w, https:\/\/www.laselva1936.com\/wp-content\/uploads\/2025\/09\/488361063_970621415259085_1827421920651583883_n-768x432.jpg 768w, https:\/\/www.laselva1936.com\/wp-content\/uploads\/2025\/09\/488361063_970621415259085_1827421920651583883_n-107x60.jpg 107w, https:\/\/www.laselva1936.com\/wp-content\/uploads\/2025\/09\/488361063_970621415259085_1827421920651583883_n.jpg 1280w\" sizes=\"auto, (max-width: 512px) 100vw, 512px\" \/><figcaption class=\"wp-element-caption\">Detalls de l&#8217;interior<\/figcaption><\/figure>\n\n\n\n<figure class=\"wp-block-image size-large\"><img loading=\"lazy\" decoding=\"async\" width=\"512\" height=\"342\" data-id=\"1137\" src=\"https:\/\/www.laselva1936.com\/wp-content\/uploads\/2025\/09\/f0677123-a8a6-4f15-8808-db18ad1a4a10_source-aspect-ratio_50p_0-512x342.jpg\" alt=\"\" class=\"wp-image-1137\" srcset=\"https:\/\/www.laselva1936.com\/wp-content\/uploads\/2025\/09\/f0677123-a8a6-4f15-8808-db18ad1a4a10_source-aspect-ratio_50p_0-512x342.jpg 512w, https:\/\/www.laselva1936.com\/wp-content\/uploads\/2025\/09\/f0677123-a8a6-4f15-8808-db18ad1a4a10_source-aspect-ratio_50p_0-300x200.jpg 300w, https:\/\/www.laselva1936.com\/wp-content\/uploads\/2025\/09\/f0677123-a8a6-4f15-8808-db18ad1a4a10_source-aspect-ratio_50p_0-768x512.jpg 768w, https:\/\/www.laselva1936.com\/wp-content\/uploads\/2025\/09\/f0677123-a8a6-4f15-8808-db18ad1a4a10_source-aspect-ratio_50p_0-90x60.jpg 90w, https:\/\/www.laselva1936.com\/wp-content\/uploads\/2025\/09\/f0677123-a8a6-4f15-8808-db18ad1a4a10_source-aspect-ratio_50p_0-374x249.jpg 374w, https:\/\/www.laselva1936.com\/wp-content\/uploads\/2025\/09\/f0677123-a8a6-4f15-8808-db18ad1a4a10_source-aspect-ratio_50p_0.jpg 1000w\" sizes=\"auto, (max-width: 512px) 100vw, 512px\" \/><figcaption class=\"wp-element-caption\">Detalls de l&#8217;interior<\/figcaption><\/figure>\n<\/figure>\n\n\n\n<p>El<strong> refugi del carrer Girbau<\/strong>, m\u00e9s conegut com \u201c<em>el refugi de sota l\u2019esgl\u00e9sia<\/em>\u201d, va ser constru\u00eft entre finals de 1936 i principis de 1937 per protegir els ve\u00efns del carrer Girbau i part del barri de Sa Carbonera en cas de bombardeig. Va ser un dels primers refugis que es van construir a Blanes, aprofitant una cavitat preexistent. La construcci\u00f3 va ser iniciativa del <strong>Comit\u00e8 Local de Defensa de Blanes<\/strong>, sota la direcci\u00f3 d\u2019un enginyer militar i la participaci\u00f3 dels mateixos ve\u00efns del poble com a treball voluntari.<\/p>\n\n\n<div class=\"wp-block-image\">\n<figure class=\"aligncenter size-large\"><img loading=\"lazy\" decoding=\"async\" width=\"512\" height=\"268\" src=\"https:\/\/www.laselva1936.com\/wp-content\/uploads\/2025\/09\/1743779316040-512x268.webp\" alt=\"\" class=\"wp-image-1149\" srcset=\"https:\/\/www.laselva1936.com\/wp-content\/uploads\/2025\/09\/1743779316040-512x268.webp 512w, https:\/\/www.laselva1936.com\/wp-content\/uploads\/2025\/09\/1743779316040-300x157.webp 300w, https:\/\/www.laselva1936.com\/wp-content\/uploads\/2025\/09\/1743779316040-768x402.webp 768w, https:\/\/www.laselva1936.com\/wp-content\/uploads\/2025\/09\/1743779316040-115x60.webp 115w, https:\/\/www.laselva1936.com\/wp-content\/uploads\/2025\/09\/1743779316040.webp 1200w\" sizes=\"auto, (max-width: 512px) 100vw, 512px\" \/><\/figure>\n<\/div>\n\n\n<p>Aquest refugi \u00e9s del tipus galeria de mina, excavat directament a la roca, amb una profunditat de 24 metres per 2 metres d\u2019amplada. Una de les seves particularitats s\u00f3n els cinc pilars constru\u00efts al mig de la galeria per sostenir el sostre en cas d\u2019una explosi\u00f3 a la superf\u00edcie. Molt probablement van ser constru\u00efts despr\u00e9s del 10 de mar\u00e7 de 1938, quan la <strong>Junta de Defensa Passiva de Blanes<\/strong> va acordar realitzar obres de reforma als refugis de la vila. Segons diferents estimacions, en aquest refugi s\u2019hi podien protegir una vuitantena de persones en cas d\u2019un bombardeig.<\/p>\n\n\n\n<p><\/p>\n","protected":false},"excerpt":{"rendered":"<p>El passat divendres 4 d\u2019abril de 2025 es va inaugurar la senyalitzaci\u00f3 i la muse\u00eftzaci\u00f3 del primer element patrimonial de la Guerra Civil a Blanes: un dels primers refugis antiaeris constru\u00efts al municipi.Aquesta tasca va ser duta a terme per l\u2019empresa GRIEGC, amb la col\u00b7laboraci\u00f3 de l\u2019Arxiu Municipal i el suport t\u00e8cnic dels seus responsables. &hellip; <\/p>\n","protected":false},"author":1,"featured_media":1146,"comment_status":"closed","ping_status":"closed","sticky":false,"template":"","format":"standard","meta":{"_monsterinsights_skip_tracking":false,"_monsterinsights_sitenote_active":false,"_monsterinsights_sitenote_note":"","_monsterinsights_sitenote_category":0,"footnotes":""},"categories":[1],"tags":[],"class_list":["post-1134","post","type-post","status-publish","format-standard","has-post-thumbnail","hentry","category-uncategorized","latest_post"],"yoast_head":"<!-- This site is optimized with the Yoast SEO plugin v25.9 - https:\/\/yoast.com\/wordpress\/plugins\/seo\/ -->\n<title>REFUGI ANTIAERI GUERRA CIVIL BLANES (Carrer Girbau) - LA SELVA 1936<\/title>\n<meta name=\"robots\" content=\"index, follow, max-snippet:-1, max-image-preview:large, max-video-preview:-1\" \/>\n<link rel=\"canonical\" href=\"https:\/\/www.laselva1936.com\/index.php\/2025\/09\/16\/refugi-antiaeri-guerra-civil-blanes-carrer-girbau\/\" \/>\n<meta property=\"og:locale\" content=\"es_ES\" \/>\n<meta property=\"og:type\" content=\"article\" \/>\n<meta property=\"og:title\" content=\"REFUGI ANTIAERI GUERRA CIVIL BLANES (Carrer Girbau) - LA SELVA 1936\" \/>\n<meta property=\"og:description\" content=\"El passat divendres 4 d\u2019abril de 2025 es va inaugurar la senyalitzaci\u00f3 i la muse\u00eftzaci\u00f3 del primer element patrimonial de la Guerra Civil a Blanes: un dels primers refugis antiaeris constru\u00efts al municipi.Aquesta tasca va ser duta a terme per l\u2019empresa GRIEGC, amb la col\u00b7laboraci\u00f3 de l\u2019Arxiu Municipal i el suport t\u00e8cnic dels seus responsables. &hellip;\" \/>\n<meta property=\"og:url\" content=\"https:\/\/www.laselva1936.com\/index.php\/2025\/09\/16\/refugi-antiaeri-guerra-civil-blanes-carrer-girbau\/\" \/>\n<meta property=\"og:site_name\" content=\"LA SELVA 1936\" \/>\n<meta property=\"article:published_time\" content=\"2025-09-16T11:24:40+00:00\" \/>\n<meta property=\"article:modified_time\" content=\"2025-09-16T11:25:39+00:00\" \/>\n<meta property=\"og:image\" content=\"https:\/\/www.laselva1936.com\/wp-content\/uploads\/2025\/09\/010f7c_6da35dba979b4a18baa7c426cc055087mv2-1.jpg\" \/>\n\t<meta property=\"og:image:width\" content=\"1707\" \/>\n\t<meta property=\"og:image:height\" content=\"883\" \/>\n\t<meta property=\"og:image:type\" content=\"image\/jpeg\" \/>\n<meta name=\"author\" content=\"admin\" \/>\n<meta name=\"twitter:card\" content=\"summary_large_image\" \/>\n<meta name=\"twitter:label1\" content=\"Escrito por\" \/>\n\t<meta name=\"twitter:data1\" content=\"admin\" \/>\n\t<meta name=\"twitter:label2\" content=\"Tiempo de lectura\" \/>\n\t<meta name=\"twitter:data2\" content=\"6 minutos\" \/>\n<script type=\"application\/ld+json\" class=\"yoast-schema-graph\">{\"@context\":\"https:\/\/schema.org\",\"@graph\":[{\"@type\":\"Article\",\"@id\":\"https:\/\/www.laselva1936.com\/index.php\/2025\/09\/16\/refugi-antiaeri-guerra-civil-blanes-carrer-girbau\/#article\",\"isPartOf\":{\"@id\":\"https:\/\/www.laselva1936.com\/index.php\/2025\/09\/16\/refugi-antiaeri-guerra-civil-blanes-carrer-girbau\/\"},\"author\":{\"name\":\"admin\",\"@id\":\"https:\/\/www.laselva1936.com\/#\/schema\/person\/d60fe5471bea90115dd840a889f57670\"},\"headline\":\"REFUGI ANTIAERI GUERRA CIVIL BLANES (Carrer Girbau)\",\"datePublished\":\"2025-09-16T11:24:40+00:00\",\"dateModified\":\"2025-09-16T11:25:39+00:00\",\"mainEntityOfPage\":{\"@id\":\"https:\/\/www.laselva1936.com\/index.php\/2025\/09\/16\/refugi-antiaeri-guerra-civil-blanes-carrer-girbau\/\"},\"wordCount\":744,\"publisher\":{\"@id\":\"https:\/\/www.laselva1936.com\/#organization\"},\"image\":{\"@id\":\"https:\/\/www.laselva1936.com\/index.php\/2025\/09\/16\/refugi-antiaeri-guerra-civil-blanes-carrer-girbau\/#primaryimage\"},\"thumbnailUrl\":\"https:\/\/www.laselva1936.com\/wp-content\/uploads\/2025\/09\/010f7c_6da35dba979b4a18baa7c426cc055087mv2-1.jpg\",\"articleSection\":[\"Uncategorized\"],\"inLanguage\":\"es\"},{\"@type\":\"WebPage\",\"@id\":\"https:\/\/www.laselva1936.com\/index.php\/2025\/09\/16\/refugi-antiaeri-guerra-civil-blanes-carrer-girbau\/\",\"url\":\"https:\/\/www.laselva1936.com\/index.php\/2025\/09\/16\/refugi-antiaeri-guerra-civil-blanes-carrer-girbau\/\",\"name\":\"REFUGI ANTIAERI GUERRA CIVIL BLANES (Carrer Girbau) - LA SELVA 1936\",\"isPartOf\":{\"@id\":\"https:\/\/www.laselva1936.com\/#website\"},\"primaryImageOfPage\":{\"@id\":\"https:\/\/www.laselva1936.com\/index.php\/2025\/09\/16\/refugi-antiaeri-guerra-civil-blanes-carrer-girbau\/#primaryimage\"},\"image\":{\"@id\":\"https:\/\/www.laselva1936.com\/index.php\/2025\/09\/16\/refugi-antiaeri-guerra-civil-blanes-carrer-girbau\/#primaryimage\"},\"thumbnailUrl\":\"https:\/\/www.laselva1936.com\/wp-content\/uploads\/2025\/09\/010f7c_6da35dba979b4a18baa7c426cc055087mv2-1.jpg\",\"datePublished\":\"2025-09-16T11:24:40+00:00\",\"dateModified\":\"2025-09-16T11:25:39+00:00\",\"breadcrumb\":{\"@id\":\"https:\/\/www.laselva1936.com\/index.php\/2025\/09\/16\/refugi-antiaeri-guerra-civil-blanes-carrer-girbau\/#breadcrumb\"},\"inLanguage\":\"es\",\"potentialAction\":[{\"@type\":\"ReadAction\",\"target\":[\"https:\/\/www.laselva1936.com\/index.php\/2025\/09\/16\/refugi-antiaeri-guerra-civil-blanes-carrer-girbau\/\"]}]},{\"@type\":\"ImageObject\",\"inLanguage\":\"es\",\"@id\":\"https:\/\/www.laselva1936.com\/index.php\/2025\/09\/16\/refugi-antiaeri-guerra-civil-blanes-carrer-girbau\/#primaryimage\",\"url\":\"https:\/\/www.laselva1936.com\/wp-content\/uploads\/2025\/09\/010f7c_6da35dba979b4a18baa7c426cc055087mv2-1.jpg\",\"contentUrl\":\"https:\/\/www.laselva1936.com\/wp-content\/uploads\/2025\/09\/010f7c_6da35dba979b4a18baa7c426cc055087mv2-1.jpg\",\"width\":1707,\"height\":883},{\"@type\":\"BreadcrumbList\",\"@id\":\"https:\/\/www.laselva1936.com\/index.php\/2025\/09\/16\/refugi-antiaeri-guerra-civil-blanes-carrer-girbau\/#breadcrumb\",\"itemListElement\":[{\"@type\":\"ListItem\",\"position\":1,\"name\":\"Portada\",\"item\":\"https:\/\/www.laselva1936.com\/\"},{\"@type\":\"ListItem\",\"position\":2,\"name\":\"REFUGI ANTIAERI GUERRA CIVIL BLANES (Carrer Girbau)\"}]},{\"@type\":\"WebSite\",\"@id\":\"https:\/\/www.laselva1936.com\/#website\",\"url\":\"https:\/\/www.laselva1936.com\/\",\"name\":\"LA SELVA 1936\",\"description\":\"Guerra Civil a la Comarca de la Selva\",\"publisher\":{\"@id\":\"https:\/\/www.laselva1936.com\/#organization\"},\"potentialAction\":[{\"@type\":\"SearchAction\",\"target\":{\"@type\":\"EntryPoint\",\"urlTemplate\":\"https:\/\/www.laselva1936.com\/?s={search_term_string}\"},\"query-input\":{\"@type\":\"PropertyValueSpecification\",\"valueRequired\":true,\"valueName\":\"search_term_string\"}}],\"inLanguage\":\"es\"},{\"@type\":\"Organization\",\"@id\":\"https:\/\/www.laselva1936.com\/#organization\",\"name\":\"LASELVA1936\",\"url\":\"https:\/\/www.laselva1936.com\/\",\"logo\":{\"@type\":\"ImageObject\",\"inLanguage\":\"es\",\"@id\":\"https:\/\/www.laselva1936.com\/#\/schema\/logo\/image\/\",\"url\":\"https:\/\/www.laselva1936.com\/wp-content\/uploads\/2023\/12\/logo-selba-1-e1703449298413.png\",\"contentUrl\":\"https:\/\/www.laselva1936.com\/wp-content\/uploads\/2023\/12\/logo-selba-1-e1703449298413.png\",\"width\":202,\"height\":197,\"caption\":\"LASELVA1936\"},\"image\":{\"@id\":\"https:\/\/www.laselva1936.com\/#\/schema\/logo\/image\/\"}},{\"@type\":\"Person\",\"@id\":\"https:\/\/www.laselva1936.com\/#\/schema\/person\/d60fe5471bea90115dd840a889f57670\",\"name\":\"admin\",\"image\":{\"@type\":\"ImageObject\",\"inLanguage\":\"es\",\"@id\":\"https:\/\/www.laselva1936.com\/#\/schema\/person\/image\/\",\"url\":\"https:\/\/secure.gravatar.com\/avatar\/bd3e3fb8e72565e5614e9ad869ceec67a2d2d5ff7a73db7791b31003ff67f31c?s=96&d=mm&r=g\",\"contentUrl\":\"https:\/\/secure.gravatar.com\/avatar\/bd3e3fb8e72565e5614e9ad869ceec67a2d2d5ff7a73db7791b31003ff67f31c?s=96&d=mm&r=g\",\"caption\":\"admin\"},\"sameAs\":[\"https:\/\/www.laselva1936.com\"],\"url\":\"https:\/\/www.laselva1936.com\/index.php\/author\/admin\/\"}]}<\/script>\n<!-- \/ Yoast SEO plugin. -->","yoast_head_json":{"title":"REFUGI ANTIAERI GUERRA CIVIL BLANES (Carrer Girbau) - LA SELVA 1936","robots":{"index":"index","follow":"follow","max-snippet":"max-snippet:-1","max-image-preview":"max-image-preview:large","max-video-preview":"max-video-preview:-1"},"canonical":"https:\/\/www.laselva1936.com\/index.php\/2025\/09\/16\/refugi-antiaeri-guerra-civil-blanes-carrer-girbau\/","og_locale":"es_ES","og_type":"article","og_title":"REFUGI ANTIAERI GUERRA CIVIL BLANES (Carrer Girbau) - LA SELVA 1936","og_description":"El passat divendres 4 d\u2019abril de 2025 es va inaugurar la senyalitzaci\u00f3 i la muse\u00eftzaci\u00f3 del primer element patrimonial de la Guerra Civil a Blanes: un dels primers refugis antiaeris constru\u00efts al municipi.Aquesta tasca va ser duta a terme per l\u2019empresa GRIEGC, amb la col\u00b7laboraci\u00f3 de l\u2019Arxiu Municipal i el suport t\u00e8cnic dels seus responsables. &hellip;","og_url":"https:\/\/www.laselva1936.com\/index.php\/2025\/09\/16\/refugi-antiaeri-guerra-civil-blanes-carrer-girbau\/","og_site_name":"LA SELVA 1936","article_published_time":"2025-09-16T11:24:40+00:00","article_modified_time":"2025-09-16T11:25:39+00:00","og_image":[{"width":1707,"height":883,"url":"https:\/\/www.laselva1936.com\/wp-content\/uploads\/2025\/09\/010f7c_6da35dba979b4a18baa7c426cc055087mv2-1.jpg","type":"image\/jpeg"}],"author":"admin","twitter_card":"summary_large_image","twitter_misc":{"Escrito por":"admin","Tiempo de lectura":"6 minutos"},"schema":{"@context":"https:\/\/schema.org","@graph":[{"@type":"Article","@id":"https:\/\/www.laselva1936.com\/index.php\/2025\/09\/16\/refugi-antiaeri-guerra-civil-blanes-carrer-girbau\/#article","isPartOf":{"@id":"https:\/\/www.laselva1936.com\/index.php\/2025\/09\/16\/refugi-antiaeri-guerra-civil-blanes-carrer-girbau\/"},"author":{"name":"admin","@id":"https:\/\/www.laselva1936.com\/#\/schema\/person\/d60fe5471bea90115dd840a889f57670"},"headline":"REFUGI ANTIAERI GUERRA CIVIL BLANES (Carrer Girbau)","datePublished":"2025-09-16T11:24:40+00:00","dateModified":"2025-09-16T11:25:39+00:00","mainEntityOfPage":{"@id":"https:\/\/www.laselva1936.com\/index.php\/2025\/09\/16\/refugi-antiaeri-guerra-civil-blanes-carrer-girbau\/"},"wordCount":744,"publisher":{"@id":"https:\/\/www.laselva1936.com\/#organization"},"image":{"@id":"https:\/\/www.laselva1936.com\/index.php\/2025\/09\/16\/refugi-antiaeri-guerra-civil-blanes-carrer-girbau\/#primaryimage"},"thumbnailUrl":"https:\/\/www.laselva1936.com\/wp-content\/uploads\/2025\/09\/010f7c_6da35dba979b4a18baa7c426cc055087mv2-1.jpg","articleSection":["Uncategorized"],"inLanguage":"es"},{"@type":"WebPage","@id":"https:\/\/www.laselva1936.com\/index.php\/2025\/09\/16\/refugi-antiaeri-guerra-civil-blanes-carrer-girbau\/","url":"https:\/\/www.laselva1936.com\/index.php\/2025\/09\/16\/refugi-antiaeri-guerra-civil-blanes-carrer-girbau\/","name":"REFUGI ANTIAERI GUERRA CIVIL BLANES (Carrer Girbau) - LA SELVA 1936","isPartOf":{"@id":"https:\/\/www.laselva1936.com\/#website"},"primaryImageOfPage":{"@id":"https:\/\/www.laselva1936.com\/index.php\/2025\/09\/16\/refugi-antiaeri-guerra-civil-blanes-carrer-girbau\/#primaryimage"},"image":{"@id":"https:\/\/www.laselva1936.com\/index.php\/2025\/09\/16\/refugi-antiaeri-guerra-civil-blanes-carrer-girbau\/#primaryimage"},"thumbnailUrl":"https:\/\/www.laselva1936.com\/wp-content\/uploads\/2025\/09\/010f7c_6da35dba979b4a18baa7c426cc055087mv2-1.jpg","datePublished":"2025-09-16T11:24:40+00:00","dateModified":"2025-09-16T11:25:39+00:00","breadcrumb":{"@id":"https:\/\/www.laselva1936.com\/index.php\/2025\/09\/16\/refugi-antiaeri-guerra-civil-blanes-carrer-girbau\/#breadcrumb"},"inLanguage":"es","potentialAction":[{"@type":"ReadAction","target":["https:\/\/www.laselva1936.com\/index.php\/2025\/09\/16\/refugi-antiaeri-guerra-civil-blanes-carrer-girbau\/"]}]},{"@type":"ImageObject","inLanguage":"es","@id":"https:\/\/www.laselva1936.com\/index.php\/2025\/09\/16\/refugi-antiaeri-guerra-civil-blanes-carrer-girbau\/#primaryimage","url":"https:\/\/www.laselva1936.com\/wp-content\/uploads\/2025\/09\/010f7c_6da35dba979b4a18baa7c426cc055087mv2-1.jpg","contentUrl":"https:\/\/www.laselva1936.com\/wp-content\/uploads\/2025\/09\/010f7c_6da35dba979b4a18baa7c426cc055087mv2-1.jpg","width":1707,"height":883},{"@type":"BreadcrumbList","@id":"https:\/\/www.laselva1936.com\/index.php\/2025\/09\/16\/refugi-antiaeri-guerra-civil-blanes-carrer-girbau\/#breadcrumb","itemListElement":[{"@type":"ListItem","position":1,"name":"Portada","item":"https:\/\/www.laselva1936.com\/"},{"@type":"ListItem","position":2,"name":"REFUGI ANTIAERI GUERRA CIVIL BLANES (Carrer Girbau)"}]},{"@type":"WebSite","@id":"https:\/\/www.laselva1936.com\/#website","url":"https:\/\/www.laselva1936.com\/","name":"LA SELVA 1936","description":"Guerra Civil a la Comarca de la Selva","publisher":{"@id":"https:\/\/www.laselva1936.com\/#organization"},"potentialAction":[{"@type":"SearchAction","target":{"@type":"EntryPoint","urlTemplate":"https:\/\/www.laselva1936.com\/?s={search_term_string}"},"query-input":{"@type":"PropertyValueSpecification","valueRequired":true,"valueName":"search_term_string"}}],"inLanguage":"es"},{"@type":"Organization","@id":"https:\/\/www.laselva1936.com\/#organization","name":"LASELVA1936","url":"https:\/\/www.laselva1936.com\/","logo":{"@type":"ImageObject","inLanguage":"es","@id":"https:\/\/www.laselva1936.com\/#\/schema\/logo\/image\/","url":"https:\/\/www.laselva1936.com\/wp-content\/uploads\/2023\/12\/logo-selba-1-e1703449298413.png","contentUrl":"https:\/\/www.laselva1936.com\/wp-content\/uploads\/2023\/12\/logo-selba-1-e1703449298413.png","width":202,"height":197,"caption":"LASELVA1936"},"image":{"@id":"https:\/\/www.laselva1936.com\/#\/schema\/logo\/image\/"}},{"@type":"Person","@id":"https:\/\/www.laselva1936.com\/#\/schema\/person\/d60fe5471bea90115dd840a889f57670","name":"admin","image":{"@type":"ImageObject","inLanguage":"es","@id":"https:\/\/www.laselva1936.com\/#\/schema\/person\/image\/","url":"https:\/\/secure.gravatar.com\/avatar\/bd3e3fb8e72565e5614e9ad869ceec67a2d2d5ff7a73db7791b31003ff67f31c?s=96&d=mm&r=g","contentUrl":"https:\/\/secure.gravatar.com\/avatar\/bd3e3fb8e72565e5614e9ad869ceec67a2d2d5ff7a73db7791b31003ff67f31c?s=96&d=mm&r=g","caption":"admin"},"sameAs":["https:\/\/www.laselva1936.com"],"url":"https:\/\/www.laselva1936.com\/index.php\/author\/admin\/"}]}},"_links":{"self":[{"href":"https:\/\/www.laselva1936.com\/index.php\/wp-json\/wp\/v2\/posts\/1134","targetHints":{"allow":["GET"]}}],"collection":[{"href":"https:\/\/www.laselva1936.com\/index.php\/wp-json\/wp\/v2\/posts"}],"about":[{"href":"https:\/\/www.laselva1936.com\/index.php\/wp-json\/wp\/v2\/types\/post"}],"author":[{"embeddable":true,"href":"https:\/\/www.laselva1936.com\/index.php\/wp-json\/wp\/v2\/users\/1"}],"replies":[{"embeddable":true,"href":"https:\/\/www.laselva1936.com\/index.php\/wp-json\/wp\/v2\/comments?post=1134"}],"version-history":[{"count":4,"href":"https:\/\/www.laselva1936.com\/index.php\/wp-json\/wp\/v2\/posts\/1134\/revisions"}],"predecessor-version":[{"id":1151,"href":"https:\/\/www.laselva1936.com\/index.php\/wp-json\/wp\/v2\/posts\/1134\/revisions\/1151"}],"wp:featuredmedia":[{"embeddable":true,"href":"https:\/\/www.laselva1936.com\/index.php\/wp-json\/wp\/v2\/media\/1146"}],"wp:attachment":[{"href":"https:\/\/www.laselva1936.com\/index.php\/wp-json\/wp\/v2\/media?parent=1134"}],"wp:term":[{"taxonomy":"category","embeddable":true,"href":"https:\/\/www.laselva1936.com\/index.php\/wp-json\/wp\/v2\/categories?post=1134"},{"taxonomy":"post_tag","embeddable":true,"href":"https:\/\/www.laselva1936.com\/index.php\/wp-json\/wp\/v2\/tags?post=1134"}],"curies":[{"name":"wp","href":"https:\/\/api.w.org\/{rel}","templated":true}]}}