{"id":1107,"date":"2024-03-16T19:35:53","date_gmt":"2024-03-16T19:35:53","guid":{"rendered":"https:\/\/www.laselva1936.com\/?p=1107"},"modified":"2024-03-17T12:59:41","modified_gmt":"2024-03-17T12:59:41","slug":"canarias-combat-naval-captura-del-jj-sister-i-jaime-ii","status":"publish","type":"post","link":"https:\/\/www.laselva1936.com\/index.php\/2024\/03\/16\/canarias-combat-naval-captura-del-jj-sister-i-jaime-ii\/","title":{"rendered":"CANARIAS: COMBAT NAVAL A LES COSTES DEL MARESME I LA SELVA (Captura del JJ Sister i Jaime II)"},"content":{"rendered":"\n<p>La nit del 17 de setembre de 1937, els vaixells mercants JJ Sister i Jaime II, carregats amb subministraments i material de guerra, van partir del port de Barcelona acompanyats per una flota de destructors amb destinaci\u00f3 a Ma\u00f3 (Menorca). Durant la seva travessa, van ser descoberts i capturats pel creuer rebel Canarias, despr\u00e9s d&#8217;un enfrontament amb la flota de destructors davant les poblacions costaneres del Maresme i la Selva.<br><br>Aquest combat naval no va deixar indiferents als habitants de les poblacions costaneres.\u00a0Molts\u00a0curiosos van acudir a les platges o turons propers al mar per presenciar l&#8217;espectacle de foc i llum. De fet, aix\u00ed ho descriu una carta d&#8217;un ve\u00ed de Lloret de Mar, que sembla que podria haver estat un informant per al b\u00e0ndol franquista, donada la gran quantitat d&#8217;informaci\u00f3 que proporcionaven les seves cartes.<\/p>\n\n\n\n<p class=\"has-very-light-gray-to-cyan-bluish-gray-gradient-background has-background\">\u00ab<em>A les 22:30, des de la platja de Lloret es pogu\u00e9 contemplar perfectament el combat que el \u201cCanaries\u201d va sostenir amb tres contratorpediners <\/em><sup data-fn=\"679b1c7e-3039-41f2-b041-aa4fa94030a4\" class=\"fn\"><a href=\"#679b1c7e-3039-41f2-b041-aa4fa94030a4\" id=\"679b1c7e-3039-41f2-b041-aa4fa94030a4-link\">1<\/a><\/sup><em> lleials que custodiaven dos vaixells mercants en viatge cap a Ma\u00f3. El combat tingu\u00e9 lloc a moltes milles de Lloret, per\u00f2 el llampec de les canonades, el fulgor de les bengales i la inmensa cortina de fum que els contratorpediners varen llen\u00e7ar per desapareixer a la seva vista del creuer rebel, es varen poder veure clarament. El que no es va poder veure va ser com el pirata se&#8217;n enduia presoners cap a Mallorca els dos vaixells mercants. En Botet asist\u00ed al combat a bord del Gravina, que era un dels tres contratorpediners.<\/em>\u00ab<sup data-fn=\"4e78a701-e44e-4894-bca7-ca36a16b3edb\" class=\"fn\"><a href=\"#4e78a701-e44e-4894-bca7-ca36a16b3edb\" id=\"4e78a701-e44e-4894-bca7-ca36a16b3edb-link\">2<\/a><\/sup><\/p>\n\n\n\n<p>Els destructors encarregats d&#8217;escortar-los van ser el S\u00e1nchez\u00a0Barcaiztegui, el\u00a0Gravina\u00a0i l&#8217;Almirante Antequera. Aquests destructors, el dia 15 de setembre de 1937, van rebre ordres d&#8217;escortar els vaixells\u00a0Guecho, Rio Segre i Espa\u00f1a\u00a0N\u00ba3\u00a0des de Val\u00e8ncia fins a Tarragona, per despr\u00e9s dirigir-se a Barcelona. <br>Un cop a Barcelona, seguint les instruccions del\u00a0Delegat\u00a0Mar\u00edtim i el Cap de la Flotilla de Vigil\u00e0ncia, van formar un comboi amb els vaixells JJ Sister i\u00a0Jaime\u00a0II per dirigir-se a Ma\u00f3, salpant del port la nit del 17 amb l&#8217;intenci\u00f3 d&#8217;arribar al dest\u00ed a les 7 del mat\u00ed del dia seg\u00fcent.<\/p>\n\n\n<div class=\"wp-block-image\">\n<figure class=\"aligncenter size-large\"><img loading=\"lazy\" decoding=\"async\" width=\"512\" height=\"306\" src=\"https:\/\/www.laselva1936.com\/wp-content\/uploads\/2024\/03\/radiograma1Laselva-512x306.jpg\" alt=\"\" class=\"wp-image-1126\" srcset=\"https:\/\/www.laselva1936.com\/wp-content\/uploads\/2024\/03\/radiograma1Laselva-512x306.jpg 512w, https:\/\/www.laselva1936.com\/wp-content\/uploads\/2024\/03\/radiograma1Laselva-300x179.jpg 300w, https:\/\/www.laselva1936.com\/wp-content\/uploads\/2024\/03\/radiograma1Laselva-768x459.jpg 768w, https:\/\/www.laselva1936.com\/wp-content\/uploads\/2024\/03\/radiograma1Laselva-100x60.jpg 100w, https:\/\/www.laselva1936.com\/wp-content\/uploads\/2024\/03\/radiograma1Laselva.jpg 896w\" sizes=\"auto, (max-width: 512px) 100vw, 512px\" \/><figcaption class=\"wp-element-caption\"><em>Radiograma de l&#8217;operaci\u00f3 <strong>(AGMAB)<\/strong><\/em><\/figcaption><\/figure>\n<\/div>\n\n\n<p> L&#8217;Almirante Antequera va ser l&#8217;encarregat d&#8217;aquesta flotilla, organitzant i donant instruccions al comboi. <br>La navegaci\u00f3 es va dur a terme amb les precaucions habituals, davant la possible pres\u00e8ncia de submarins i mines, navegant en zig-zag i mantenint-se a una dist\u00e0ncia prudencial de la costa per evitar ser vistos per vaixells enemics, i comptant amb la protecci\u00f3 dels diferents llocs semaf\u00f2rics i bateries de costa.<\/p>\n\n\n<div class=\"wp-block-image\">\n<figure class=\"aligncenter size-large\"><img loading=\"lazy\" decoding=\"async\" width=\"512\" height=\"322\" src=\"https:\/\/www.laselva1936.com\/wp-content\/uploads\/2024\/03\/gravina-2-512x322.png\" alt=\"\" class=\"wp-image-1116\" srcset=\"https:\/\/www.laselva1936.com\/wp-content\/uploads\/2024\/03\/gravina-2-512x322.png 512w, https:\/\/www.laselva1936.com\/wp-content\/uploads\/2024\/03\/gravina-2-300x189.png 300w, https:\/\/www.laselva1936.com\/wp-content\/uploads\/2024\/03\/gravina-2-768x483.png 768w, https:\/\/www.laselva1936.com\/wp-content\/uploads\/2024\/03\/gravina-2-1536x967.png 1536w, https:\/\/www.laselva1936.com\/wp-content\/uploads\/2024\/03\/gravina-2-2048x1289.png 2048w, https:\/\/www.laselva1936.com\/wp-content\/uploads\/2024\/03\/gravina-2-95x60.png 95w\" sizes=\"auto, (max-width: 512px) 100vw, 512px\" \/><\/figure>\n<\/div>\n\n<div class=\"wp-block-image\">\n<figure class=\"aligncenter size-large is-resized\"><img loading=\"lazy\" decoding=\"async\" width=\"512\" height=\"324\" src=\"https:\/\/www.laselva1936.com\/wp-content\/uploads\/2024\/03\/almiranteantequera-2-512x324.png\" alt=\"\" class=\"wp-image-1115\" style=\"width:512px;height:auto\" srcset=\"https:\/\/www.laselva1936.com\/wp-content\/uploads\/2024\/03\/almiranteantequera-2-512x324.png 512w, https:\/\/www.laselva1936.com\/wp-content\/uploads\/2024\/03\/almiranteantequera-2-300x190.png 300w, https:\/\/www.laselva1936.com\/wp-content\/uploads\/2024\/03\/almiranteantequera-2-768x486.png 768w, https:\/\/www.laselva1936.com\/wp-content\/uploads\/2024\/03\/almiranteantequera-2-1536x972.png 1536w, https:\/\/www.laselva1936.com\/wp-content\/uploads\/2024\/03\/almiranteantequera-2-2048x1296.png 2048w, https:\/\/www.laselva1936.com\/wp-content\/uploads\/2024\/03\/almiranteantequera-2-95x60.png 95w\" sizes=\"auto, (max-width: 512px) 100vw, 512px\" \/><\/figure>\n<\/div>\n\n<div class=\"wp-block-image\">\n<figure class=\"aligncenter size-large is-resized\"><img loading=\"lazy\" decoding=\"async\" width=\"512\" height=\"316\" src=\"https:\/\/www.laselva1936.com\/wp-content\/uploads\/2024\/03\/SANCHEZB-1-512x316.png\" alt=\"\" class=\"wp-image-1117\" style=\"width:530px;height:auto\" srcset=\"https:\/\/www.laselva1936.com\/wp-content\/uploads\/2024\/03\/SANCHEZB-1-512x316.png 512w, https:\/\/www.laselva1936.com\/wp-content\/uploads\/2024\/03\/SANCHEZB-1-300x185.png 300w, https:\/\/www.laselva1936.com\/wp-content\/uploads\/2024\/03\/SANCHEZB-1-768x475.png 768w, https:\/\/www.laselva1936.com\/wp-content\/uploads\/2024\/03\/SANCHEZB-1-1536x949.png 1536w, https:\/\/www.laselva1936.com\/wp-content\/uploads\/2024\/03\/SANCHEZB-1-2048x1266.png 2048w, https:\/\/www.laselva1936.com\/wp-content\/uploads\/2024\/03\/SANCHEZB-1-97x60.png 97w\" sizes=\"auto, (max-width: 512px) 100vw, 512px\" \/><figcaption class=\"wp-element-caption\"><em>Fitxes dels Destructors <strong>(La Selva 1936)<\/strong><\/em><\/figcaption><\/figure>\n<\/div>\n\n\n<p>A les 18:30 hores del 17 de setembre de 1937, el\u00a0Canarias, que ja es trobava a la costa catalana amb la missi\u00f3 d&#8217;entorpir i atacar el tr\u00e0fic mercant, va\u00a0recon\u00e8ixer\u00a0la serra del Montseny, trobant-se pr\u00f2xim a la costa del Maresme. A les 21:32 hores, mentre es trobava entre Matar\u00f3 i Blanes, va\u00a0avistar\u00a0diversos vaixells amb les llums apagades, sent reconeguts dos destructors com a part del comboi. Pocs minuts m\u00e9s tard, a les 21:45 hores, es va disposar a obrir foc amb la seva artilleria de 203 mm contra els dos destructors que fugien desordenadament a gran velocitat, fent zig-zags i llen\u00e7ant una gran quantitat de fum per no ser vistos.<br><br>Els destructors republicans, fugint en diferents direccions, van respondre amb la seva artilleria, malgrat la seva poca efic\u00e0cia. Un dels destructors, l&#8217;Almirante Antequera, va llan\u00e7ar dos torpedes contra el\u00a0Canarias, un dels quals possiblement va colpejar el casc sense arribar a perforar-lo, per\u00f2 causant una gran commoci\u00f3 en tot el vaixell. A les 21:55 hores, el\u00a0Canarias\u00a0va canviar de rumb cap a l&#8217;est per obrir foc contra l&#8217;Almirante Antequera, al qui va tocar amb un dels seus projectils, provocant una gran explosi\u00f3 i causant diverses baixes, incloent-hi un mort entre la tripulaci\u00f3. <br>Minuts despr\u00e9s, es va veure la llum del far de Tossa, descobrint un tercer destructor que fugia cap al nord-est (S\u00e1nchez\u00a0Barcaiztegui). Considerant in\u00fatil la persecuci\u00f3, el\u00a0Canarias\u00a0va obrir foc de nou amb la seva artilleria de 203 mm contra l&#8217;Almirante\u00a0Antequera, que va canviar el rumb en direcci\u00f3 a Barcelona deixant anar m\u00e9s fum en el seu intent d&#8217;escapar.<\/p>\n\n\n<div class=\"wp-block-image\">\n<figure class=\"aligncenter size-large is-resized\"><img loading=\"lazy\" decoding=\"async\" width=\"512\" height=\"320\" src=\"https:\/\/www.laselva1936.com\/wp-content\/uploads\/2024\/03\/canariasFICHA-512x320.png\" alt=\"\" class=\"wp-image-1118\" style=\"width:515px;height:auto\" srcset=\"https:\/\/www.laselva1936.com\/wp-content\/uploads\/2024\/03\/canariasFICHA-512x320.png 512w, https:\/\/www.laselva1936.com\/wp-content\/uploads\/2024\/03\/canariasFICHA-300x188.png 300w, https:\/\/www.laselva1936.com\/wp-content\/uploads\/2024\/03\/canariasFICHA-768x480.png 768w, https:\/\/www.laselva1936.com\/wp-content\/uploads\/2024\/03\/canariasFICHA-1536x960.png 1536w, https:\/\/www.laselva1936.com\/wp-content\/uploads\/2024\/03\/canariasFICHA-2048x1280.png 2048w, https:\/\/www.laselva1936.com\/wp-content\/uploads\/2024\/03\/canariasFICHA-96x60.png 96w\" sizes=\"auto, (max-width: 512px) 100vw, 512px\" \/><figcaption class=\"wp-element-caption\"><em>Fitxa del Canarias <strong>(La Selva 1936)<\/strong><\/em><\/figcaption><\/figure>\n<\/div>\n\n\n<p>Aix\u00ed narren part del combat, les cr\u00f2niques de Francisco Vall\u00e9s&nbsp;Collantes&nbsp;(Primer Maquinista de&nbsp;la Armada, voluntari del \u00abCanarias\u00bb), publicada&nbsp;6&nbsp;dies despr\u00e9s de l&#8217;enfrontament:<\/p>\n\n\n\n<p class=\"has-very-light-gray-to-cyan-bluish-gray-gradient-background has-background\"><em>\u201c[&#8230;] La huida vergonzosa contin\u00faa, en direcci\u00f3n rectil\u00ednea, hacia el puerto de Barcelona, que tienen a dos pasos, envueltos, adem\u00e1s en formidables cortinas de humo, en las que parecen estar especializados los rojos. Un potente proyector del puerto barcelon\u00e9s pretende enfocarnos, para presentarnos como blanco eficaz a los ca\u00f1ones de Montjuic. Sin embargo, el \u201cCanarias\u201d contin\u00faa su persecuci\u00f3n. Algunos de los destructores han debido ser tocados. Pero llega un momento en que nos encontramos ya encima de la costa, y los ca\u00f1ones del litoral enemigo empiezan a entrar en acci\u00f3n. Ya no tiene objeto la persecuci\u00f3n, puesto que los tres destructores cobardes se encuentran al amparo de las bater\u00edas de costa.\u201d<\/em><\/p>\n\n\n\n<p>Finalment, a les 22:13 hores, es van\u00a0avistar\u00a0dos objectes a gran dist\u00e0ncia, que van ser reconeguts 37 minuts m\u00e9s tard com els dos mercants. Un d&#8217;ells era el JJ Sister, que va rebre ordres de ser capturat, per\u00f2 va fer cas om\u00eds, provocant que el\u00a0Canarias\u00a0dispar\u00e9s per la popa amb la seva artilleria de 120 mm per intimidar-lo. Finalment, tots dos mercants van ser capturats i dirigits a Palma. A les 03:50 hores,\u00a0a meitat de cam\u00ed, els destructors rebels Dato i C\u00e1novas es van incorporar formant un comboi amb la missi\u00f3 de vigilar els mercants per tal d&#8217;evitar que escapessin, arribant al port de Palma a les 10:35 del 18 de setembre.<br><br>El\u00a0Canarias\u00a0en aquesta operaci\u00f3 va realitzar un total de 31 trets de 203 mm, en nou salves, 5 trets de\u00a0120mm\u00a0i 2 trets de\u00a0120mm\u00a0il\u00b7luminants.<\/p>\n\n\n<div class=\"wp-block-image\">\n<figure class=\"aligncenter size-full is-resized\"><img loading=\"lazy\" decoding=\"async\" width=\"2560\" height=\"1583\" src=\"https:\/\/www.laselva1936.com\/wp-content\/uploads\/2024\/03\/fotocanariaslaselva1936-scaled.jpg\" alt=\"\" class=\"wp-image-1119\" style=\"width:677px;height:auto\" srcset=\"https:\/\/www.laselva1936.com\/wp-content\/uploads\/2024\/03\/fotocanariaslaselva1936-scaled.jpg 2560w, https:\/\/www.laselva1936.com\/wp-content\/uploads\/2024\/03\/fotocanariaslaselva1936-300x185.jpg 300w, https:\/\/www.laselva1936.com\/wp-content\/uploads\/2024\/03\/fotocanariaslaselva1936-512x317.jpg 512w, https:\/\/www.laselva1936.com\/wp-content\/uploads\/2024\/03\/fotocanariaslaselva1936-768x475.jpg 768w, https:\/\/www.laselva1936.com\/wp-content\/uploads\/2024\/03\/fotocanariaslaselva1936-1536x950.jpg 1536w, https:\/\/www.laselva1936.com\/wp-content\/uploads\/2024\/03\/fotocanariaslaselva1936-2048x1266.jpg 2048w, https:\/\/www.laselva1936.com\/wp-content\/uploads\/2024\/03\/fotocanariaslaselva1936-97x60.jpg 97w\" sizes=\"auto, (max-width: 2560px) 100vw, 2560px\" \/><figcaption class=\"wp-element-caption\"><em>Creuer Canarias (<strong>DIARIO DE LA MARINA 28.08.1938<\/strong>)<\/em><\/figcaption><\/figure>\n<\/div>\n\n<div class=\"wp-block-image\">\n<figure class=\"aligncenter size-large is-resized\"><img loading=\"lazy\" decoding=\"async\" width=\"512\" height=\"276\" src=\"https:\/\/www.laselva1936.com\/wp-content\/uploads\/2024\/03\/sanchezfotolaselva1936-512x276.jpg\" alt=\"\" class=\"wp-image-1123\" style=\"width:672px;height:auto\" srcset=\"https:\/\/www.laselva1936.com\/wp-content\/uploads\/2024\/03\/sanchezfotolaselva1936-512x276.jpg 512w, https:\/\/www.laselva1936.com\/wp-content\/uploads\/2024\/03\/sanchezfotolaselva1936-300x162.jpg 300w, https:\/\/www.laselva1936.com\/wp-content\/uploads\/2024\/03\/sanchezfotolaselva1936-768x414.jpg 768w, https:\/\/www.laselva1936.com\/wp-content\/uploads\/2024\/03\/sanchezfotolaselva1936-1536x828.jpg 1536w, https:\/\/www.laselva1936.com\/wp-content\/uploads\/2024\/03\/sanchezfotolaselva1936-2048x1105.jpg 2048w, https:\/\/www.laselva1936.com\/wp-content\/uploads\/2024\/03\/sanchezfotolaselva1936-111x60.jpg 111w\" sizes=\"auto, (max-width: 512px) 100vw, 512px\" \/><figcaption class=\"wp-element-caption\"><em>Destructor S\u00e1nchez&nbsp;Barcaiztegui (<strong>DIARIO DE LA MARINA 28.08.1938<\/strong>)<\/em><\/figcaption><\/figure>\n<\/div>\n\n\n<p>La c\u00e0rrega que portaven els mercants \u00e9s totalment incerta, ja que no tenim documents que ho especifiquin. No obstant aix\u00f2, trobem alguns documents que citen aquesta c\u00e0rrega com a material general i material de guerra. En el cas del JJ Sister, un total de 600 tones per un valor&nbsp;de 1.350.000&nbsp;pessetes, i en el cas del&nbsp;Jaime&nbsp;II, 412 tones per un valor de 932.000 pessetes. <br>Segons el diari&nbsp;Correo&nbsp;de Mallorca, el JJ Sister anava carregat d&#8217;armes i municions, mentre que el&nbsp;Jaime&nbsp;II portava aliments i un centenar de passatgers.<\/p>\n\n\n\n<p>L&#8217;apresament dels vapors&nbsp;Jaime&nbsp;II i JJ Sister va ser una gran p\u00e8rdua per al govern de la Rep\u00fablica, tant que en tots els diaris republicans no es va mencionar en cap moment la p\u00e8rdua dels vaixells, creant aix\u00ed unes \u00abFake News\u00bb d&#8217;aquest combat i de la seva missi\u00f3, que segons el ministeri de guerra va ser realitzada satisfact\u00f2riament. No \u00e9s la primera vegada que ens trobem amb aquest tipus de notes de premsa, ja que era la manera de mantenir alta la moral dels ciutadans a la zona lleial.<br><br>Aquesta \u00e9s la nota de premsa enviada a tots els diaris republicans:<\/p>\n\n\n\n<p class=\"has-very-light-gray-to-cyan-bluish-gray-gradient-background has-background\"><em>\u201cLa noche del 17, a las 21:45, a treinta millas 95 grados de Barcelona, se libr\u00f3 un combate entre el crucero faccioso \u201cCanarias\u201d y tres destructores de la Flota Republicana. El combate dur\u00f3 una hora. Nuestros buques salieron indemnes y continuaron, sin m\u00e1s novedad, el servicio que ten\u00edan encomendado\u201d<\/em><\/p>\n\n\n<div class=\"wp-block-image\">\n<figure class=\"aligncenter size-large is-resized\"><img loading=\"lazy\" decoding=\"async\" width=\"449\" height=\"512\" src=\"https:\/\/www.laselva1936.com\/wp-content\/uploads\/2024\/03\/autonomista18937-449x512.png\" alt=\"\" class=\"wp-image-1120\" style=\"width:275px;height:auto\" srcset=\"https:\/\/www.laselva1936.com\/wp-content\/uploads\/2024\/03\/autonomista18937-449x512.png 449w, https:\/\/www.laselva1936.com\/wp-content\/uploads\/2024\/03\/autonomista18937-263x300.png 263w, https:\/\/www.laselva1936.com\/wp-content\/uploads\/2024\/03\/autonomista18937-53x60.png 53w, https:\/\/www.laselva1936.com\/wp-content\/uploads\/2024\/03\/autonomista18937.png 508w\" sizes=\"auto, (max-width: 449px) 100vw, 449px\" \/><figcaption class=\"wp-element-caption\"><em>Retall del diari <strong>L&#8217;Autonomista<\/strong> <strong>GIRONA (18.9.1937)<\/strong><\/em><\/figcaption><\/figure>\n<\/div>\n\n\n<p><br>Incl\u00fas hem arribat a trobar una nota de premsa encara m\u00e9s falsa que la publicada per la gran majoria de diaris, que menciona l&#8217;arribada dels dos vapors a l&#8217;illa de Menorca, escortats per un dels destructors lleials.<\/p>\n\n\n<div class=\"wp-block-image\">\n<figure class=\"aligncenter size-full\"><img loading=\"lazy\" decoding=\"async\" width=\"473\" height=\"177\" src=\"https:\/\/www.laselva1936.com\/wp-content\/uploads\/2024\/03\/diaricntmadrid18937-1.png\" alt=\"\" class=\"wp-image-1122\" srcset=\"https:\/\/www.laselva1936.com\/wp-content\/uploads\/2024\/03\/diaricntmadrid18937-1.png 473w, https:\/\/www.laselva1936.com\/wp-content\/uploads\/2024\/03\/diaricntmadrid18937-1-300x112.png 300w, https:\/\/www.laselva1936.com\/wp-content\/uploads\/2024\/03\/diaricntmadrid18937-1-160x60.png 160w\" sizes=\"auto, (max-width: 473px) 100vw, 473px\" \/><figcaption class=\"wp-element-caption\"><em>Retall del diari <strong>CNT MADRID<\/strong> <strong>(19.09.1937)<\/strong><\/em><\/figcaption><\/figure>\n<\/div>\n\n\n<p><strong>BIBLIOGRAFIA<br>Arxius:<\/strong><br><em>Arxiu Municipal Lloret de Mar<br>Archivo General de la Marina don \u00c1lvaro de Baz\u00e1n (AGMAB)<br>Archivo General Militar de \u00c1vila (AGMAV)<br>Arxiu Nacional de Catalunya<\/em><br><strong>Publicacions i revistes:<br><\/strong><em>L&#8217;Autonomista (Girona)<br>CNT Madrid<br>Diario de la Marina<\/em><br><strong>Llibres i Articles:<\/strong><br><em>Cabezas Sanchez, Adri\u00e1n &#8211; La defensa de la costa a Catalunya durant la Guerra Civil <br>Moreno de Albor\u00e1n y Reyna, Fernando i Salvador &#8211; Historia de la campa\u00f1a naval durante la guerra de 1936 a 1939 (5 volums)<\/em><br><a href=\"http:\/\/www.griegc.com\">www.griegc.com<\/a><\/p>\n\n\n\n<p><\/p>\n\n\n\n<p><\/p>\n\n\n<ol class=\"wp-block-footnotes\"><li id=\"679b1c7e-3039-41f2-b041-aa4fa94030a4\">Realment eren Destructors, el S\u00e1nchez\u00a0Barcaiztegui, el\u00a0Gravina\u00a0i l&#8217;Almirante Antequera <a href=\"#679b1c7e-3039-41f2-b041-aa4fa94030a4-link\" aria-label=\"Saltar a la referencia de la nota 1\">\u21a9\ufe0e<\/a><\/li><li id=\"4e78a701-e44e-4894-bca7-ca36a16b3edb\">Arxiu Municipal de Lloret de Mar <a href=\"#4e78a701-e44e-4894-bca7-ca36a16b3edb-link\" aria-label=\"Saltar a la referencia de la nota 2\">\u21a9\ufe0e<\/a><\/li><\/ol>","protected":false},"excerpt":{"rendered":"<p>La nit del 17 de setembre de 1937, els vaixells mercants JJ Sister i Jaime II, carregats amb subministraments i material de guerra, van partir del port de Barcelona acompanyats per una flota de destructors amb destinaci\u00f3 a Ma\u00f3 (Menorca). Durant la seva travessa, van ser descoberts i capturats pel creuer rebel Canarias, despr\u00e9s d&#8217;un &hellip; <\/p>\n","protected":false},"author":1,"featured_media":1124,"comment_status":"closed","ping_status":"open","sticky":false,"template":"","format":"standard","meta":{"_monsterinsights_skip_tracking":false,"_monsterinsights_sitenote_active":false,"_monsterinsights_sitenote_note":"","_monsterinsights_sitenote_category":0,"footnotes":"[{\"content\":\"Realment eren Destructors, el S\u00e1nchez\u00a0Barcaiztegui, el\u00a0Gravina\u00a0i l'Almirante Antequera\",\"id\":\"679b1c7e-3039-41f2-b041-aa4fa94030a4\"},{\"content\":\"Arxiu Municipal de Lloret de Mar\",\"id\":\"4e78a701-e44e-4894-bca7-ca36a16b3edb\"}]"},"categories":[59,32,1],"tags":[35,72,40],"class_list":["post-1107","post","type-post","status-publish","format-standard","has-post-thumbnail","hentry","category-blanes","category-lloret-de-mar","category-uncategorized","tag-bombardeig","tag-combat","tag-marina","latest_post"],"yoast_head":"<!-- This site is optimized with the Yoast SEO plugin v25.9 - https:\/\/yoast.com\/wordpress\/plugins\/seo\/ -->\n<title>CANARIAS COMBATE Y CAPTURA DEL JJ SISTER Y JAIME II<\/title>\n<meta name=\"description\" content=\"El 17\/9\/1937, el JJ Sister y Jaime II fueron capturados por el crucero Canarias, no sin antes encontrarse con una flota de destructores ...\" \/>\n<meta name=\"robots\" content=\"index, follow, max-snippet:-1, max-image-preview:large, max-video-preview:-1\" \/>\n<link rel=\"canonical\" href=\"https:\/\/www.laselva1936.com\/index.php\/2024\/03\/16\/canarias-combat-naval-captura-del-jj-sister-i-jaime-ii\/\" \/>\n<meta property=\"og:locale\" content=\"es_ES\" \/>\n<meta property=\"og:type\" content=\"article\" \/>\n<meta property=\"og:title\" content=\"CANARIAS COMBATE Y CAPTURA DEL JJ SISTER Y JAIME II\" \/>\n<meta property=\"og:description\" content=\"El 17\/9\/1937, el JJ Sister y Jaime II fueron capturados por el crucero Canarias, no sin antes encontrarse con una flota de destructores ...\" \/>\n<meta property=\"og:url\" content=\"https:\/\/www.laselva1936.com\/index.php\/2024\/03\/16\/canarias-combat-naval-captura-del-jj-sister-i-jaime-ii\/\" \/>\n<meta property=\"og:site_name\" content=\"LA SELVA 1936\" \/>\n<meta property=\"article:published_time\" content=\"2024-03-16T19:35:53+00:00\" \/>\n<meta property=\"article:modified_time\" content=\"2024-03-17T12:59:41+00:00\" \/>\n<meta property=\"og:image\" content=\"https:\/\/www.laselva1936.com\/wp-content\/uploads\/2024\/03\/IMG_20211112_104300-scaled.jpg\" \/>\n\t<meta property=\"og:image:width\" content=\"2560\" \/>\n\t<meta property=\"og:image:height\" content=\"1867\" \/>\n\t<meta property=\"og:image:type\" content=\"image\/jpeg\" \/>\n<meta name=\"author\" content=\"admin\" \/>\n<meta name=\"twitter:card\" content=\"summary_large_image\" \/>\n<meta name=\"twitter:label1\" content=\"Escrito por\" \/>\n\t<meta name=\"twitter:data1\" content=\"admin\" \/>\n\t<meta name=\"twitter:label2\" content=\"Tiempo de lectura\" \/>\n\t<meta name=\"twitter:data2\" content=\"9 minutos\" \/>\n<script type=\"application\/ld+json\" class=\"yoast-schema-graph\">{\"@context\":\"https:\/\/schema.org\",\"@graph\":[{\"@type\":\"Article\",\"@id\":\"https:\/\/www.laselva1936.com\/index.php\/2024\/03\/16\/canarias-combat-naval-captura-del-jj-sister-i-jaime-ii\/#article\",\"isPartOf\":{\"@id\":\"https:\/\/www.laselva1936.com\/index.php\/2024\/03\/16\/canarias-combat-naval-captura-del-jj-sister-i-jaime-ii\/\"},\"author\":{\"name\":\"admin\",\"@id\":\"https:\/\/www.laselva1936.com\/#\/schema\/person\/d60fe5471bea90115dd840a889f57670\"},\"headline\":\"CANARIAS: COMBAT NAVAL A LES COSTES DEL MARESME I LA SELVA (Captura del JJ Sister i Jaime II)\",\"datePublished\":\"2024-03-16T19:35:53+00:00\",\"dateModified\":\"2024-03-17T12:59:41+00:00\",\"mainEntityOfPage\":{\"@id\":\"https:\/\/www.laselva1936.com\/index.php\/2024\/03\/16\/canarias-combat-naval-captura-del-jj-sister-i-jaime-ii\/\"},\"wordCount\":1418,\"publisher\":{\"@id\":\"https:\/\/www.laselva1936.com\/#organization\"},\"image\":{\"@id\":\"https:\/\/www.laselva1936.com\/index.php\/2024\/03\/16\/canarias-combat-naval-captura-del-jj-sister-i-jaime-ii\/#primaryimage\"},\"thumbnailUrl\":\"https:\/\/www.laselva1936.com\/wp-content\/uploads\/2024\/03\/IMG_20211112_104300-scaled.jpg\",\"keywords\":[\"Bombardeig\",\"Combat\",\"Marina\"],\"articleSection\":[\"Blanes\",\"Lloret de Mar\",\"Uncategorized\"],\"inLanguage\":\"es\"},{\"@type\":\"WebPage\",\"@id\":\"https:\/\/www.laselva1936.com\/index.php\/2024\/03\/16\/canarias-combat-naval-captura-del-jj-sister-i-jaime-ii\/\",\"url\":\"https:\/\/www.laselva1936.com\/index.php\/2024\/03\/16\/canarias-combat-naval-captura-del-jj-sister-i-jaime-ii\/\",\"name\":\"CANARIAS COMBATE Y CAPTURA DEL JJ SISTER Y JAIME II\",\"isPartOf\":{\"@id\":\"https:\/\/www.laselva1936.com\/#website\"},\"primaryImageOfPage\":{\"@id\":\"https:\/\/www.laselva1936.com\/index.php\/2024\/03\/16\/canarias-combat-naval-captura-del-jj-sister-i-jaime-ii\/#primaryimage\"},\"image\":{\"@id\":\"https:\/\/www.laselva1936.com\/index.php\/2024\/03\/16\/canarias-combat-naval-captura-del-jj-sister-i-jaime-ii\/#primaryimage\"},\"thumbnailUrl\":\"https:\/\/www.laselva1936.com\/wp-content\/uploads\/2024\/03\/IMG_20211112_104300-scaled.jpg\",\"datePublished\":\"2024-03-16T19:35:53+00:00\",\"dateModified\":\"2024-03-17T12:59:41+00:00\",\"description\":\"El 17\/9\/1937, el JJ Sister y Jaime II fueron capturados por el crucero Canarias, no sin antes encontrarse con una flota de destructores ...\",\"breadcrumb\":{\"@id\":\"https:\/\/www.laselva1936.com\/index.php\/2024\/03\/16\/canarias-combat-naval-captura-del-jj-sister-i-jaime-ii\/#breadcrumb\"},\"inLanguage\":\"es\",\"potentialAction\":[{\"@type\":\"ReadAction\",\"target\":[\"https:\/\/www.laselva1936.com\/index.php\/2024\/03\/16\/canarias-combat-naval-captura-del-jj-sister-i-jaime-ii\/\"]}]},{\"@type\":\"ImageObject\",\"inLanguage\":\"es\",\"@id\":\"https:\/\/www.laselva1936.com\/index.php\/2024\/03\/16\/canarias-combat-naval-captura-del-jj-sister-i-jaime-ii\/#primaryimage\",\"url\":\"https:\/\/www.laselva1936.com\/wp-content\/uploads\/2024\/03\/IMG_20211112_104300-scaled.jpg\",\"contentUrl\":\"https:\/\/www.laselva1936.com\/wp-content\/uploads\/2024\/03\/IMG_20211112_104300-scaled.jpg\",\"width\":2560,\"height\":1867},{\"@type\":\"BreadcrumbList\",\"@id\":\"https:\/\/www.laselva1936.com\/index.php\/2024\/03\/16\/canarias-combat-naval-captura-del-jj-sister-i-jaime-ii\/#breadcrumb\",\"itemListElement\":[{\"@type\":\"ListItem\",\"position\":1,\"name\":\"Portada\",\"item\":\"https:\/\/www.laselva1936.com\/\"},{\"@type\":\"ListItem\",\"position\":2,\"name\":\"CANARIAS: COMBAT NAVAL A LES COSTES DEL MARESME I LA SELVA (Captura del JJ Sister i Jaime II)\"}]},{\"@type\":\"WebSite\",\"@id\":\"https:\/\/www.laselva1936.com\/#website\",\"url\":\"https:\/\/www.laselva1936.com\/\",\"name\":\"LA SELVA 1936\",\"description\":\"Guerra Civil a la Comarca de la Selva\",\"publisher\":{\"@id\":\"https:\/\/www.laselva1936.com\/#organization\"},\"potentialAction\":[{\"@type\":\"SearchAction\",\"target\":{\"@type\":\"EntryPoint\",\"urlTemplate\":\"https:\/\/www.laselva1936.com\/?s={search_term_string}\"},\"query-input\":{\"@type\":\"PropertyValueSpecification\",\"valueRequired\":true,\"valueName\":\"search_term_string\"}}],\"inLanguage\":\"es\"},{\"@type\":\"Organization\",\"@id\":\"https:\/\/www.laselva1936.com\/#organization\",\"name\":\"LASELVA1936\",\"url\":\"https:\/\/www.laselva1936.com\/\",\"logo\":{\"@type\":\"ImageObject\",\"inLanguage\":\"es\",\"@id\":\"https:\/\/www.laselva1936.com\/#\/schema\/logo\/image\/\",\"url\":\"https:\/\/www.laselva1936.com\/wp-content\/uploads\/2023\/12\/logo-selba-1-e1703449298413.png\",\"contentUrl\":\"https:\/\/www.laselva1936.com\/wp-content\/uploads\/2023\/12\/logo-selba-1-e1703449298413.png\",\"width\":202,\"height\":197,\"caption\":\"LASELVA1936\"},\"image\":{\"@id\":\"https:\/\/www.laselva1936.com\/#\/schema\/logo\/image\/\"}},{\"@type\":\"Person\",\"@id\":\"https:\/\/www.laselva1936.com\/#\/schema\/person\/d60fe5471bea90115dd840a889f57670\",\"name\":\"admin\",\"image\":{\"@type\":\"ImageObject\",\"inLanguage\":\"es\",\"@id\":\"https:\/\/www.laselva1936.com\/#\/schema\/person\/image\/\",\"url\":\"https:\/\/secure.gravatar.com\/avatar\/bd3e3fb8e72565e5614e9ad869ceec67a2d2d5ff7a73db7791b31003ff67f31c?s=96&d=mm&r=g\",\"contentUrl\":\"https:\/\/secure.gravatar.com\/avatar\/bd3e3fb8e72565e5614e9ad869ceec67a2d2d5ff7a73db7791b31003ff67f31c?s=96&d=mm&r=g\",\"caption\":\"admin\"},\"sameAs\":[\"https:\/\/www.laselva1936.com\"],\"url\":\"https:\/\/www.laselva1936.com\/index.php\/author\/admin\/\"}]}<\/script>\n<!-- \/ Yoast SEO plugin. -->","yoast_head_json":{"title":"CANARIAS COMBATE Y CAPTURA DEL JJ SISTER Y JAIME II","description":"El 17\/9\/1937, el JJ Sister y Jaime II fueron capturados por el crucero Canarias, no sin antes encontrarse con una flota de destructores ...","robots":{"index":"index","follow":"follow","max-snippet":"max-snippet:-1","max-image-preview":"max-image-preview:large","max-video-preview":"max-video-preview:-1"},"canonical":"https:\/\/www.laselva1936.com\/index.php\/2024\/03\/16\/canarias-combat-naval-captura-del-jj-sister-i-jaime-ii\/","og_locale":"es_ES","og_type":"article","og_title":"CANARIAS COMBATE Y CAPTURA DEL JJ SISTER Y JAIME II","og_description":"El 17\/9\/1937, el JJ Sister y Jaime II fueron capturados por el crucero Canarias, no sin antes encontrarse con una flota de destructores ...","og_url":"https:\/\/www.laselva1936.com\/index.php\/2024\/03\/16\/canarias-combat-naval-captura-del-jj-sister-i-jaime-ii\/","og_site_name":"LA SELVA 1936","article_published_time":"2024-03-16T19:35:53+00:00","article_modified_time":"2024-03-17T12:59:41+00:00","og_image":[{"width":2560,"height":1867,"url":"https:\/\/www.laselva1936.com\/wp-content\/uploads\/2024\/03\/IMG_20211112_104300-scaled.jpg","type":"image\/jpeg"}],"author":"admin","twitter_card":"summary_large_image","twitter_misc":{"Escrito por":"admin","Tiempo de lectura":"9 minutos"},"schema":{"@context":"https:\/\/schema.org","@graph":[{"@type":"Article","@id":"https:\/\/www.laselva1936.com\/index.php\/2024\/03\/16\/canarias-combat-naval-captura-del-jj-sister-i-jaime-ii\/#article","isPartOf":{"@id":"https:\/\/www.laselva1936.com\/index.php\/2024\/03\/16\/canarias-combat-naval-captura-del-jj-sister-i-jaime-ii\/"},"author":{"name":"admin","@id":"https:\/\/www.laselva1936.com\/#\/schema\/person\/d60fe5471bea90115dd840a889f57670"},"headline":"CANARIAS: COMBAT NAVAL A LES COSTES DEL MARESME I LA SELVA (Captura del JJ Sister i Jaime II)","datePublished":"2024-03-16T19:35:53+00:00","dateModified":"2024-03-17T12:59:41+00:00","mainEntityOfPage":{"@id":"https:\/\/www.laselva1936.com\/index.php\/2024\/03\/16\/canarias-combat-naval-captura-del-jj-sister-i-jaime-ii\/"},"wordCount":1418,"publisher":{"@id":"https:\/\/www.laselva1936.com\/#organization"},"image":{"@id":"https:\/\/www.laselva1936.com\/index.php\/2024\/03\/16\/canarias-combat-naval-captura-del-jj-sister-i-jaime-ii\/#primaryimage"},"thumbnailUrl":"https:\/\/www.laselva1936.com\/wp-content\/uploads\/2024\/03\/IMG_20211112_104300-scaled.jpg","keywords":["Bombardeig","Combat","Marina"],"articleSection":["Blanes","Lloret de Mar","Uncategorized"],"inLanguage":"es"},{"@type":"WebPage","@id":"https:\/\/www.laselva1936.com\/index.php\/2024\/03\/16\/canarias-combat-naval-captura-del-jj-sister-i-jaime-ii\/","url":"https:\/\/www.laselva1936.com\/index.php\/2024\/03\/16\/canarias-combat-naval-captura-del-jj-sister-i-jaime-ii\/","name":"CANARIAS COMBATE Y CAPTURA DEL JJ SISTER Y JAIME II","isPartOf":{"@id":"https:\/\/www.laselva1936.com\/#website"},"primaryImageOfPage":{"@id":"https:\/\/www.laselva1936.com\/index.php\/2024\/03\/16\/canarias-combat-naval-captura-del-jj-sister-i-jaime-ii\/#primaryimage"},"image":{"@id":"https:\/\/www.laselva1936.com\/index.php\/2024\/03\/16\/canarias-combat-naval-captura-del-jj-sister-i-jaime-ii\/#primaryimage"},"thumbnailUrl":"https:\/\/www.laselva1936.com\/wp-content\/uploads\/2024\/03\/IMG_20211112_104300-scaled.jpg","datePublished":"2024-03-16T19:35:53+00:00","dateModified":"2024-03-17T12:59:41+00:00","description":"El 17\/9\/1937, el JJ Sister y Jaime II fueron capturados por el crucero Canarias, no sin antes encontrarse con una flota de destructores ...","breadcrumb":{"@id":"https:\/\/www.laselva1936.com\/index.php\/2024\/03\/16\/canarias-combat-naval-captura-del-jj-sister-i-jaime-ii\/#breadcrumb"},"inLanguage":"es","potentialAction":[{"@type":"ReadAction","target":["https:\/\/www.laselva1936.com\/index.php\/2024\/03\/16\/canarias-combat-naval-captura-del-jj-sister-i-jaime-ii\/"]}]},{"@type":"ImageObject","inLanguage":"es","@id":"https:\/\/www.laselva1936.com\/index.php\/2024\/03\/16\/canarias-combat-naval-captura-del-jj-sister-i-jaime-ii\/#primaryimage","url":"https:\/\/www.laselva1936.com\/wp-content\/uploads\/2024\/03\/IMG_20211112_104300-scaled.jpg","contentUrl":"https:\/\/www.laselva1936.com\/wp-content\/uploads\/2024\/03\/IMG_20211112_104300-scaled.jpg","width":2560,"height":1867},{"@type":"BreadcrumbList","@id":"https:\/\/www.laselva1936.com\/index.php\/2024\/03\/16\/canarias-combat-naval-captura-del-jj-sister-i-jaime-ii\/#breadcrumb","itemListElement":[{"@type":"ListItem","position":1,"name":"Portada","item":"https:\/\/www.laselva1936.com\/"},{"@type":"ListItem","position":2,"name":"CANARIAS: COMBAT NAVAL A LES COSTES DEL MARESME I LA SELVA (Captura del JJ Sister i Jaime II)"}]},{"@type":"WebSite","@id":"https:\/\/www.laselva1936.com\/#website","url":"https:\/\/www.laselva1936.com\/","name":"LA SELVA 1936","description":"Guerra Civil a la Comarca de la Selva","publisher":{"@id":"https:\/\/www.laselva1936.com\/#organization"},"potentialAction":[{"@type":"SearchAction","target":{"@type":"EntryPoint","urlTemplate":"https:\/\/www.laselva1936.com\/?s={search_term_string}"},"query-input":{"@type":"PropertyValueSpecification","valueRequired":true,"valueName":"search_term_string"}}],"inLanguage":"es"},{"@type":"Organization","@id":"https:\/\/www.laselva1936.com\/#organization","name":"LASELVA1936","url":"https:\/\/www.laselva1936.com\/","logo":{"@type":"ImageObject","inLanguage":"es","@id":"https:\/\/www.laselva1936.com\/#\/schema\/logo\/image\/","url":"https:\/\/www.laselva1936.com\/wp-content\/uploads\/2023\/12\/logo-selba-1-e1703449298413.png","contentUrl":"https:\/\/www.laselva1936.com\/wp-content\/uploads\/2023\/12\/logo-selba-1-e1703449298413.png","width":202,"height":197,"caption":"LASELVA1936"},"image":{"@id":"https:\/\/www.laselva1936.com\/#\/schema\/logo\/image\/"}},{"@type":"Person","@id":"https:\/\/www.laselva1936.com\/#\/schema\/person\/d60fe5471bea90115dd840a889f57670","name":"admin","image":{"@type":"ImageObject","inLanguage":"es","@id":"https:\/\/www.laselva1936.com\/#\/schema\/person\/image\/","url":"https:\/\/secure.gravatar.com\/avatar\/bd3e3fb8e72565e5614e9ad869ceec67a2d2d5ff7a73db7791b31003ff67f31c?s=96&d=mm&r=g","contentUrl":"https:\/\/secure.gravatar.com\/avatar\/bd3e3fb8e72565e5614e9ad869ceec67a2d2d5ff7a73db7791b31003ff67f31c?s=96&d=mm&r=g","caption":"admin"},"sameAs":["https:\/\/www.laselva1936.com"],"url":"https:\/\/www.laselva1936.com\/index.php\/author\/admin\/"}]}},"_links":{"self":[{"href":"https:\/\/www.laselva1936.com\/index.php\/wp-json\/wp\/v2\/posts\/1107","targetHints":{"allow":["GET"]}}],"collection":[{"href":"https:\/\/www.laselva1936.com\/index.php\/wp-json\/wp\/v2\/posts"}],"about":[{"href":"https:\/\/www.laselva1936.com\/index.php\/wp-json\/wp\/v2\/types\/post"}],"author":[{"embeddable":true,"href":"https:\/\/www.laselva1936.com\/index.php\/wp-json\/wp\/v2\/users\/1"}],"replies":[{"embeddable":true,"href":"https:\/\/www.laselva1936.com\/index.php\/wp-json\/wp\/v2\/comments?post=1107"}],"version-history":[{"count":6,"href":"https:\/\/www.laselva1936.com\/index.php\/wp-json\/wp\/v2\/posts\/1107\/revisions"}],"predecessor-version":[{"id":1132,"href":"https:\/\/www.laselva1936.com\/index.php\/wp-json\/wp\/v2\/posts\/1107\/revisions\/1132"}],"wp:featuredmedia":[{"embeddable":true,"href":"https:\/\/www.laselva1936.com\/index.php\/wp-json\/wp\/v2\/media\/1124"}],"wp:attachment":[{"href":"https:\/\/www.laselva1936.com\/index.php\/wp-json\/wp\/v2\/media?parent=1107"}],"wp:term":[{"taxonomy":"category","embeddable":true,"href":"https:\/\/www.laselva1936.com\/index.php\/wp-json\/wp\/v2\/categories?post=1107"},{"taxonomy":"post_tag","embeddable":true,"href":"https:\/\/www.laselva1936.com\/index.php\/wp-json\/wp\/v2\/tags?post=1107"}],"curies":[{"name":"wp","href":"https:\/\/api.w.org\/{rel}","templated":true}]}}