{"id":1061,"date":"2022-05-03T23:58:00","date_gmt":"2022-05-03T23:58:00","guid":{"rendered":"https:\/\/www.laselva1936.com\/?p=1061"},"modified":"2023-12-25T23:58:58","modified_gmt":"2023-12-25T23:58:58","slug":"estacions-de-radio","status":"publish","type":"post","link":"https:\/\/www.laselva1936.com\/index.php\/2022\/05\/03\/estacions-de-radio\/","title":{"rendered":"ESTACIONS DE R\u00c0DIO"},"content":{"rendered":"\n<p>Les estacions de r\u00e0dio van ser fonamentals durant la Guerra Civil. La seva comunicaci\u00f3 r\u00e0pida i f\u00e0cil per enviar i rebre informaci\u00f3 va servir tant per passar butlletins d&#8217;informaci\u00f3 del front com per a la defensa passiva a la rereguarda.<br>Amb l&#8217;objectiu de crear una comunicaci\u00f3 constant a Catalunya es va crear una gran xarxa de comunicacions radiotelegr\u00e0fiques que connectaven diferents punts, amb emissores m\u00f2bils o fixes, amb l&#8217;emissora central ubicada a Barcelona. A Girona se&#8217;n van instal\u00b7lar 4 estacions de r\u00e0dio emissores\/receptores fixes i un total d&#8217;unes 8 emissores m\u00f2bils.<\/p>\n\n\n\n<p>Aquests equips de r\u00e0dio consistien en un conjunt de motxilles transportables integrades per un emissor i receptor superheterodini, un altaveu de control, un micr\u00f2fon amb auricular, un sistema d&#8217;antena port\u00e0til i una unitat para la transmissi\u00f3 de telegrafia. L&#8217;estaci\u00f3 de r\u00e0dio podia ser alimentada per una bateria de 6V o connectada a l&#8217;enllumenat.<br>Per al servei d&#8217;aquests aparells calia un t\u00e8cnic especialitzat en telecomunicacions i un t\u00e8cnic responsable encarregat en la inspecci\u00f3 i l&#8217;instal\u00b7laci\u00f3 dels aparells.<\/p>\n\n\n<div class=\"wp-block-image\">\n<figure class=\"aligncenter size-large is-resized\"><img loading=\"lazy\" decoding=\"async\" width=\"512\" height=\"384\" src=\"https:\/\/www.laselva1936.com\/wp-content\/uploads\/2023\/12\/radiosguerracivilselva-512x384.png\" alt=\"\" class=\"wp-image-1062\" style=\"width:725px;height:auto\" srcset=\"https:\/\/www.laselva1936.com\/wp-content\/uploads\/2023\/12\/radiosguerracivilselva-512x384.png 512w, https:\/\/www.laselva1936.com\/wp-content\/uploads\/2023\/12\/radiosguerracivilselva-300x225.png 300w, https:\/\/www.laselva1936.com\/wp-content\/uploads\/2023\/12\/radiosguerracivilselva-768x576.png 768w, https:\/\/www.laselva1936.com\/wp-content\/uploads\/2023\/12\/radiosguerracivilselva-80x60.png 80w, https:\/\/www.laselva1936.com\/wp-content\/uploads\/2023\/12\/radiosguerracivilselva.png 1499w\" sizes=\"auto, (max-width: 512px) 100vw, 512px\" \/><figcaption class=\"wp-element-caption\">Estacions de R\u00e0dio Barcelona\/Girona (@Laselva1936)<\/figcaption><\/figure>\n<\/div>\n\n\n<p>A la prov\u00edncia de Girona es va crear una triangulaci\u00f3 de r\u00e0dio que connectava poblacions de la costa amb la ciutat de Girona, que alhora es connectava directament amb Barcelona.<br>A la comarca de La Selva se&#8217;n van instal\u00b7lar dues estacions de r\u00e0dio fixes, una d&#8217;elles era la de Blanes connectada directament en triangulaci\u00f3 amb Girona, Palam\u00f3s i Barcelona. La seva funci\u00f3 era avisar de qualsevol moviment enemic, ja fos per l&#8217;aire com per mar. L&#8217;altra estaci\u00f3 de r\u00e0dio estava instal\u00b7lada a Santa Coloma de Farners i estava connectada amb Girona i Barcelona.<\/p>\n","protected":false},"excerpt":{"rendered":"<p>Les estacions de r\u00e0dio van ser fonamentals durant la Guerra Civil. La seva comunicaci\u00f3 r\u00e0pida i f\u00e0cil per enviar i rebre informaci\u00f3 va servir tant per passar butlletins d&#8217;informaci\u00f3 del front com per a la defensa passiva a la rereguarda.Amb l&#8217;objectiu de crear una comunicaci\u00f3 constant a Catalunya es va crear una gran xarxa de &hellip; <\/p>\n","protected":false},"author":1,"featured_media":1062,"comment_status":"open","ping_status":"open","sticky":false,"template":"","format":"standard","meta":{"_monsterinsights_skip_tracking":false,"_monsterinsights_sitenote_active":false,"_monsterinsights_sitenote_note":"","_monsterinsights_sitenote_category":0,"footnotes":""},"categories":[59,28],"tags":[60],"class_list":["post-1061","post","type-post","status-publish","format-standard","has-post-thumbnail","hentry","category-blanes","category-santa-coloma-de-farners","tag-telecomunicacions","latest_post"],"yoast_head":"<!-- This site is optimized with the Yoast SEO plugin v25.9 - https:\/\/yoast.com\/wordpress\/plugins\/seo\/ -->\n<title>ESTACIONS DE R\u00c0DIO - LA SELVA 1936<\/title>\n<meta name=\"description\" content=\"Les estacions de r\u00e0dio van ser fonamentals durant la Guerra Civil. La seva comunicaci\u00f3 r\u00e0pida i f\u00e0cil per enviar i rebre informaci\u00f3...\" \/>\n<meta name=\"robots\" content=\"index, follow, max-snippet:-1, max-image-preview:large, max-video-preview:-1\" \/>\n<link rel=\"canonical\" href=\"https:\/\/www.laselva1936.com\/index.php\/2022\/05\/03\/estacions-de-radio\/\" \/>\n<meta property=\"og:locale\" content=\"es_ES\" \/>\n<meta property=\"og:type\" content=\"article\" \/>\n<meta property=\"og:title\" content=\"ESTACIONS DE R\u00c0DIO - LA SELVA 1936\" \/>\n<meta property=\"og:description\" content=\"Les estacions de r\u00e0dio van ser fonamentals durant la Guerra Civil. La seva comunicaci\u00f3 r\u00e0pida i f\u00e0cil per enviar i rebre informaci\u00f3...\" \/>\n<meta property=\"og:url\" content=\"https:\/\/www.laselva1936.com\/index.php\/2022\/05\/03\/estacions-de-radio\/\" \/>\n<meta property=\"og:site_name\" content=\"LA SELVA 1936\" \/>\n<meta property=\"article:published_time\" content=\"2022-05-03T23:58:00+00:00\" \/>\n<meta property=\"article:modified_time\" content=\"2023-12-25T23:58:58+00:00\" \/>\n<meta property=\"og:image\" content=\"https:\/\/www.laselva1936.com\/wp-content\/uploads\/2023\/12\/radiosguerracivilselva-512x384.png\" \/>\n\t<meta property=\"og:image:width\" content=\"512\" \/>\n\t<meta property=\"og:image:height\" content=\"384\" \/>\n\t<meta property=\"og:image:type\" content=\"image\/png\" \/>\n<meta name=\"author\" content=\"admin\" \/>\n<meta name=\"twitter:card\" content=\"summary_large_image\" \/>\n<meta name=\"twitter:label1\" content=\"Escrito por\" \/>\n\t<meta name=\"twitter:data1\" content=\"admin\" \/>\n\t<meta name=\"twitter:label2\" content=\"Tiempo de lectura\" \/>\n\t<meta name=\"twitter:data2\" content=\"2 minutos\" \/>\n<script type=\"application\/ld+json\" class=\"yoast-schema-graph\">{\"@context\":\"https:\/\/schema.org\",\"@graph\":[{\"@type\":\"Article\",\"@id\":\"https:\/\/www.laselva1936.com\/index.php\/2022\/05\/03\/estacions-de-radio\/#article\",\"isPartOf\":{\"@id\":\"https:\/\/www.laselva1936.com\/index.php\/2022\/05\/03\/estacions-de-radio\/\"},\"author\":{\"name\":\"admin\",\"@id\":\"https:\/\/www.laselva1936.com\/#\/schema\/person\/d60fe5471bea90115dd840a889f57670\"},\"headline\":\"ESTACIONS DE R\u00c0DIO\",\"datePublished\":\"2022-05-03T23:58:00+00:00\",\"dateModified\":\"2023-12-25T23:58:58+00:00\",\"mainEntityOfPage\":{\"@id\":\"https:\/\/www.laselva1936.com\/index.php\/2022\/05\/03\/estacions-de-radio\/\"},\"wordCount\":292,\"commentCount\":0,\"publisher\":{\"@id\":\"https:\/\/www.laselva1936.com\/#organization\"},\"image\":{\"@id\":\"https:\/\/www.laselva1936.com\/index.php\/2022\/05\/03\/estacions-de-radio\/#primaryimage\"},\"thumbnailUrl\":\"https:\/\/www.laselva1936.com\/wp-content\/uploads\/2023\/12\/radiosguerracivilselva.png\",\"keywords\":[\"Telecomunicacions\"],\"articleSection\":[\"Blanes\",\"Santa Coloma de Farners\"],\"inLanguage\":\"es\",\"potentialAction\":[{\"@type\":\"CommentAction\",\"name\":\"Comment\",\"target\":[\"https:\/\/www.laselva1936.com\/index.php\/2022\/05\/03\/estacions-de-radio\/#respond\"]}]},{\"@type\":\"WebPage\",\"@id\":\"https:\/\/www.laselva1936.com\/index.php\/2022\/05\/03\/estacions-de-radio\/\",\"url\":\"https:\/\/www.laselva1936.com\/index.php\/2022\/05\/03\/estacions-de-radio\/\",\"name\":\"ESTACIONS DE R\u00c0DIO - LA SELVA 1936\",\"isPartOf\":{\"@id\":\"https:\/\/www.laselva1936.com\/#website\"},\"primaryImageOfPage\":{\"@id\":\"https:\/\/www.laselva1936.com\/index.php\/2022\/05\/03\/estacions-de-radio\/#primaryimage\"},\"image\":{\"@id\":\"https:\/\/www.laselva1936.com\/index.php\/2022\/05\/03\/estacions-de-radio\/#primaryimage\"},\"thumbnailUrl\":\"https:\/\/www.laselva1936.com\/wp-content\/uploads\/2023\/12\/radiosguerracivilselva.png\",\"datePublished\":\"2022-05-03T23:58:00+00:00\",\"dateModified\":\"2023-12-25T23:58:58+00:00\",\"description\":\"Les estacions de r\u00e0dio van ser fonamentals durant la Guerra Civil. La seva comunicaci\u00f3 r\u00e0pida i f\u00e0cil per enviar i rebre informaci\u00f3...\",\"breadcrumb\":{\"@id\":\"https:\/\/www.laselva1936.com\/index.php\/2022\/05\/03\/estacions-de-radio\/#breadcrumb\"},\"inLanguage\":\"es\",\"potentialAction\":[{\"@type\":\"ReadAction\",\"target\":[\"https:\/\/www.laselva1936.com\/index.php\/2022\/05\/03\/estacions-de-radio\/\"]}]},{\"@type\":\"ImageObject\",\"inLanguage\":\"es\",\"@id\":\"https:\/\/www.laselva1936.com\/index.php\/2022\/05\/03\/estacions-de-radio\/#primaryimage\",\"url\":\"https:\/\/www.laselva1936.com\/wp-content\/uploads\/2023\/12\/radiosguerracivilselva.png\",\"contentUrl\":\"https:\/\/www.laselva1936.com\/wp-content\/uploads\/2023\/12\/radiosguerracivilselva.png\",\"width\":1499,\"height\":1124},{\"@type\":\"BreadcrumbList\",\"@id\":\"https:\/\/www.laselva1936.com\/index.php\/2022\/05\/03\/estacions-de-radio\/#breadcrumb\",\"itemListElement\":[{\"@type\":\"ListItem\",\"position\":1,\"name\":\"Portada\",\"item\":\"https:\/\/www.laselva1936.com\/\"},{\"@type\":\"ListItem\",\"position\":2,\"name\":\"ESTACIONS DE R\u00c0DIO\"}]},{\"@type\":\"WebSite\",\"@id\":\"https:\/\/www.laselva1936.com\/#website\",\"url\":\"https:\/\/www.laselva1936.com\/\",\"name\":\"LA SELVA 1936\",\"description\":\"Guerra Civil a la Comarca de la Selva\",\"publisher\":{\"@id\":\"https:\/\/www.laselva1936.com\/#organization\"},\"potentialAction\":[{\"@type\":\"SearchAction\",\"target\":{\"@type\":\"EntryPoint\",\"urlTemplate\":\"https:\/\/www.laselva1936.com\/?s={search_term_string}\"},\"query-input\":{\"@type\":\"PropertyValueSpecification\",\"valueRequired\":true,\"valueName\":\"search_term_string\"}}],\"inLanguage\":\"es\"},{\"@type\":\"Organization\",\"@id\":\"https:\/\/www.laselva1936.com\/#organization\",\"name\":\"LASELVA1936\",\"url\":\"https:\/\/www.laselva1936.com\/\",\"logo\":{\"@type\":\"ImageObject\",\"inLanguage\":\"es\",\"@id\":\"https:\/\/www.laselva1936.com\/#\/schema\/logo\/image\/\",\"url\":\"https:\/\/www.laselva1936.com\/wp-content\/uploads\/2023\/12\/logo-selba-1-e1703449298413.png\",\"contentUrl\":\"https:\/\/www.laselva1936.com\/wp-content\/uploads\/2023\/12\/logo-selba-1-e1703449298413.png\",\"width\":202,\"height\":197,\"caption\":\"LASELVA1936\"},\"image\":{\"@id\":\"https:\/\/www.laselva1936.com\/#\/schema\/logo\/image\/\"}},{\"@type\":\"Person\",\"@id\":\"https:\/\/www.laselva1936.com\/#\/schema\/person\/d60fe5471bea90115dd840a889f57670\",\"name\":\"admin\",\"image\":{\"@type\":\"ImageObject\",\"inLanguage\":\"es\",\"@id\":\"https:\/\/www.laselva1936.com\/#\/schema\/person\/image\/\",\"url\":\"https:\/\/secure.gravatar.com\/avatar\/bd3e3fb8e72565e5614e9ad869ceec67a2d2d5ff7a73db7791b31003ff67f31c?s=96&d=mm&r=g\",\"contentUrl\":\"https:\/\/secure.gravatar.com\/avatar\/bd3e3fb8e72565e5614e9ad869ceec67a2d2d5ff7a73db7791b31003ff67f31c?s=96&d=mm&r=g\",\"caption\":\"admin\"},\"sameAs\":[\"https:\/\/www.laselva1936.com\"],\"url\":\"https:\/\/www.laselva1936.com\/index.php\/author\/admin\/\"}]}<\/script>\n<!-- \/ Yoast SEO plugin. -->","yoast_head_json":{"title":"ESTACIONS DE R\u00c0DIO - LA SELVA 1936","description":"Les estacions de r\u00e0dio van ser fonamentals durant la Guerra Civil. La seva comunicaci\u00f3 r\u00e0pida i f\u00e0cil per enviar i rebre informaci\u00f3...","robots":{"index":"index","follow":"follow","max-snippet":"max-snippet:-1","max-image-preview":"max-image-preview:large","max-video-preview":"max-video-preview:-1"},"canonical":"https:\/\/www.laselva1936.com\/index.php\/2022\/05\/03\/estacions-de-radio\/","og_locale":"es_ES","og_type":"article","og_title":"ESTACIONS DE R\u00c0DIO - LA SELVA 1936","og_description":"Les estacions de r\u00e0dio van ser fonamentals durant la Guerra Civil. La seva comunicaci\u00f3 r\u00e0pida i f\u00e0cil per enviar i rebre informaci\u00f3...","og_url":"https:\/\/www.laselva1936.com\/index.php\/2022\/05\/03\/estacions-de-radio\/","og_site_name":"LA SELVA 1936","article_published_time":"2022-05-03T23:58:00+00:00","article_modified_time":"2023-12-25T23:58:58+00:00","og_image":[{"width":512,"height":384,"url":"https:\/\/www.laselva1936.com\/wp-content\/uploads\/2023\/12\/radiosguerracivilselva-512x384.png","type":"image\/png"}],"author":"admin","twitter_card":"summary_large_image","twitter_misc":{"Escrito por":"admin","Tiempo de lectura":"2 minutos"},"schema":{"@context":"https:\/\/schema.org","@graph":[{"@type":"Article","@id":"https:\/\/www.laselva1936.com\/index.php\/2022\/05\/03\/estacions-de-radio\/#article","isPartOf":{"@id":"https:\/\/www.laselva1936.com\/index.php\/2022\/05\/03\/estacions-de-radio\/"},"author":{"name":"admin","@id":"https:\/\/www.laselva1936.com\/#\/schema\/person\/d60fe5471bea90115dd840a889f57670"},"headline":"ESTACIONS DE R\u00c0DIO","datePublished":"2022-05-03T23:58:00+00:00","dateModified":"2023-12-25T23:58:58+00:00","mainEntityOfPage":{"@id":"https:\/\/www.laselva1936.com\/index.php\/2022\/05\/03\/estacions-de-radio\/"},"wordCount":292,"commentCount":0,"publisher":{"@id":"https:\/\/www.laselva1936.com\/#organization"},"image":{"@id":"https:\/\/www.laselva1936.com\/index.php\/2022\/05\/03\/estacions-de-radio\/#primaryimage"},"thumbnailUrl":"https:\/\/www.laselva1936.com\/wp-content\/uploads\/2023\/12\/radiosguerracivilselva.png","keywords":["Telecomunicacions"],"articleSection":["Blanes","Santa Coloma de Farners"],"inLanguage":"es","potentialAction":[{"@type":"CommentAction","name":"Comment","target":["https:\/\/www.laselva1936.com\/index.php\/2022\/05\/03\/estacions-de-radio\/#respond"]}]},{"@type":"WebPage","@id":"https:\/\/www.laselva1936.com\/index.php\/2022\/05\/03\/estacions-de-radio\/","url":"https:\/\/www.laselva1936.com\/index.php\/2022\/05\/03\/estacions-de-radio\/","name":"ESTACIONS DE R\u00c0DIO - LA SELVA 1936","isPartOf":{"@id":"https:\/\/www.laselva1936.com\/#website"},"primaryImageOfPage":{"@id":"https:\/\/www.laselva1936.com\/index.php\/2022\/05\/03\/estacions-de-radio\/#primaryimage"},"image":{"@id":"https:\/\/www.laselva1936.com\/index.php\/2022\/05\/03\/estacions-de-radio\/#primaryimage"},"thumbnailUrl":"https:\/\/www.laselva1936.com\/wp-content\/uploads\/2023\/12\/radiosguerracivilselva.png","datePublished":"2022-05-03T23:58:00+00:00","dateModified":"2023-12-25T23:58:58+00:00","description":"Les estacions de r\u00e0dio van ser fonamentals durant la Guerra Civil. La seva comunicaci\u00f3 r\u00e0pida i f\u00e0cil per enviar i rebre informaci\u00f3...","breadcrumb":{"@id":"https:\/\/www.laselva1936.com\/index.php\/2022\/05\/03\/estacions-de-radio\/#breadcrumb"},"inLanguage":"es","potentialAction":[{"@type":"ReadAction","target":["https:\/\/www.laselva1936.com\/index.php\/2022\/05\/03\/estacions-de-radio\/"]}]},{"@type":"ImageObject","inLanguage":"es","@id":"https:\/\/www.laselva1936.com\/index.php\/2022\/05\/03\/estacions-de-radio\/#primaryimage","url":"https:\/\/www.laselva1936.com\/wp-content\/uploads\/2023\/12\/radiosguerracivilselva.png","contentUrl":"https:\/\/www.laselva1936.com\/wp-content\/uploads\/2023\/12\/radiosguerracivilselva.png","width":1499,"height":1124},{"@type":"BreadcrumbList","@id":"https:\/\/www.laselva1936.com\/index.php\/2022\/05\/03\/estacions-de-radio\/#breadcrumb","itemListElement":[{"@type":"ListItem","position":1,"name":"Portada","item":"https:\/\/www.laselva1936.com\/"},{"@type":"ListItem","position":2,"name":"ESTACIONS DE R\u00c0DIO"}]},{"@type":"WebSite","@id":"https:\/\/www.laselva1936.com\/#website","url":"https:\/\/www.laselva1936.com\/","name":"LA SELVA 1936","description":"Guerra Civil a la Comarca de la Selva","publisher":{"@id":"https:\/\/www.laselva1936.com\/#organization"},"potentialAction":[{"@type":"SearchAction","target":{"@type":"EntryPoint","urlTemplate":"https:\/\/www.laselva1936.com\/?s={search_term_string}"},"query-input":{"@type":"PropertyValueSpecification","valueRequired":true,"valueName":"search_term_string"}}],"inLanguage":"es"},{"@type":"Organization","@id":"https:\/\/www.laselva1936.com\/#organization","name":"LASELVA1936","url":"https:\/\/www.laselva1936.com\/","logo":{"@type":"ImageObject","inLanguage":"es","@id":"https:\/\/www.laselva1936.com\/#\/schema\/logo\/image\/","url":"https:\/\/www.laselva1936.com\/wp-content\/uploads\/2023\/12\/logo-selba-1-e1703449298413.png","contentUrl":"https:\/\/www.laselva1936.com\/wp-content\/uploads\/2023\/12\/logo-selba-1-e1703449298413.png","width":202,"height":197,"caption":"LASELVA1936"},"image":{"@id":"https:\/\/www.laselva1936.com\/#\/schema\/logo\/image\/"}},{"@type":"Person","@id":"https:\/\/www.laselva1936.com\/#\/schema\/person\/d60fe5471bea90115dd840a889f57670","name":"admin","image":{"@type":"ImageObject","inLanguage":"es","@id":"https:\/\/www.laselva1936.com\/#\/schema\/person\/image\/","url":"https:\/\/secure.gravatar.com\/avatar\/bd3e3fb8e72565e5614e9ad869ceec67a2d2d5ff7a73db7791b31003ff67f31c?s=96&d=mm&r=g","contentUrl":"https:\/\/secure.gravatar.com\/avatar\/bd3e3fb8e72565e5614e9ad869ceec67a2d2d5ff7a73db7791b31003ff67f31c?s=96&d=mm&r=g","caption":"admin"},"sameAs":["https:\/\/www.laselva1936.com"],"url":"https:\/\/www.laselva1936.com\/index.php\/author\/admin\/"}]}},"_links":{"self":[{"href":"https:\/\/www.laselva1936.com\/index.php\/wp-json\/wp\/v2\/posts\/1061","targetHints":{"allow":["GET"]}}],"collection":[{"href":"https:\/\/www.laselva1936.com\/index.php\/wp-json\/wp\/v2\/posts"}],"about":[{"href":"https:\/\/www.laselva1936.com\/index.php\/wp-json\/wp\/v2\/types\/post"}],"author":[{"embeddable":true,"href":"https:\/\/www.laselva1936.com\/index.php\/wp-json\/wp\/v2\/users\/1"}],"replies":[{"embeddable":true,"href":"https:\/\/www.laselva1936.com\/index.php\/wp-json\/wp\/v2\/comments?post=1061"}],"version-history":[{"count":1,"href":"https:\/\/www.laselva1936.com\/index.php\/wp-json\/wp\/v2\/posts\/1061\/revisions"}],"predecessor-version":[{"id":1063,"href":"https:\/\/www.laselva1936.com\/index.php\/wp-json\/wp\/v2\/posts\/1061\/revisions\/1063"}],"wp:featuredmedia":[{"embeddable":true,"href":"https:\/\/www.laselva1936.com\/index.php\/wp-json\/wp\/v2\/media\/1062"}],"wp:attachment":[{"href":"https:\/\/www.laselva1936.com\/index.php\/wp-json\/wp\/v2\/media?parent=1061"}],"wp:term":[{"taxonomy":"category","embeddable":true,"href":"https:\/\/www.laselva1936.com\/index.php\/wp-json\/wp\/v2\/categories?post=1061"},{"taxonomy":"post_tag","embeddable":true,"href":"https:\/\/www.laselva1936.com\/index.php\/wp-json\/wp\/v2\/tags?post=1061"}],"curies":[{"name":"wp","href":"https:\/\/api.w.org\/{rel}","templated":true}]}}