{"id":1018,"date":"2022-05-30T17:47:00","date_gmt":"2022-05-30T17:47:00","guid":{"rendered":"https:\/\/www.laselva1936.com\/?p=1018"},"modified":"2023-12-25T18:09:18","modified_gmt":"2023-12-25T18:09:18","slug":"enfonsament-del-ciudad-de-barcelona","status":"publish","type":"post","link":"https:\/\/www.laselva1936.com\/index.php\/2022\/05\/30\/enfonsament-del-ciudad-de-barcelona\/","title":{"rendered":"ENFONSAMENT DEL CIUDAD DE BARCELONA"},"content":{"rendered":"\n<p>El diumenge 30 de maig de 1937, amb la mar ben plana, les platges de la zona eren plenes de nens aprofitant el bon temps.  A quarts d&#8217;onze, a Lloret de Mar i a una milla mar endins es va veure un vaixell mercant; cosa que no va fer patir als banyistes de Lloret, ja que era totalment normal el moviment de mercants tant en direcci\u00f3 Barcelona com en direcci\u00f3 a la frontera francesa. El que no esperava la poblaci\u00f3 de Lloret de Mar era que a la platja qued\u00e9s barat un torpede disparat per un submar\u00ed.<br>En realitat el submar\u00ed va disparar 2 torpedes contra el mercant, un petroler de la Campsa que navegava en direcci\u00f3 Tossa de Mar cam\u00ed a Fran\u00e7a. Tot i que cap dels 2 torpedes van aconseguir tocar-lo, un d&#8217;aquests torpedes va desapar\u00e8ixer entre les roques de Sa Caleta, i l&#8217;altre va quedar sense esclatar a la platja de Lloret de Mar. En el moment d&#8217;aquest fet, un nen que era a l&#8217;aigua jugant amb els seus amics va ser tocat per l&#8217;h\u00e8lix del torpede i va haver de ser evacuat amb ambul\u00e0ncia per un tall a la cama.<br><br>Aquest torpede va ser molt visitat per gent de les poblacions properes i per les autoritats militars, dies m\u00e9s tard va ser retirat i portat a Barcelona per investigar-lo. El torpede era de fabricaci\u00f3 Italiana, amb unes mesures de 7&#8217;10 metres de llargada per 0&#8217;60 metres de di\u00e0metre i uns 100 kilograms de carregament explosiu.<\/p>\n\n\n<div class=\"wp-block-image\">\n<figure class=\"aligncenter size-large is-resized\"><img loading=\"lazy\" decoding=\"async\" width=\"512\" height=\"384\" src=\"https:\/\/www.laselva1936.com\/wp-content\/uploads\/2023\/12\/torpedolloretinsta-512x384.png\" alt=\"\" class=\"wp-image-1019\" style=\"width:679px;height:auto\" srcset=\"https:\/\/www.laselva1936.com\/wp-content\/uploads\/2023\/12\/torpedolloretinsta-512x384.png 512w, https:\/\/www.laselva1936.com\/wp-content\/uploads\/2023\/12\/torpedolloretinsta-300x225.png 300w, https:\/\/www.laselva1936.com\/wp-content\/uploads\/2023\/12\/torpedolloretinsta-768x576.png 768w, https:\/\/www.laselva1936.com\/wp-content\/uploads\/2023\/12\/torpedolloretinsta.png 1499w\" sizes=\"auto, (max-width: 512px) 100vw, 512px\" \/><figcaption class=\"wp-element-caption\"><em>Torpede a Lloret( Biblioteca Nacional )<br>Torpede a Lloret amb soldat (Arxiu Lloret de Mar)<\/em><br>Ciudad de Barcelona (MMB)<\/figcaption><\/figure>\n<\/div>\n\n\n<p>Tres hores m\u00e9s tard del fet ocorregut a Lloret de Mar, a les dues del mig dia, el vaixell Ciudad de Barcelona que navegava en direcci\u00f3 Barcelona, carregat amb uns 240 estrangers que anaven a allistar-se a les Brigades Internacionals, material de guerra i aliments per a la Rep\u00fablica, va ser torpedinat a l&#8217;al\u00e7ada de la punta del riu Tordera pel mateix submar\u00ed que havia com\u00e9s l&#8217;atac contra el Petroler a Lloret de Mar. Aquesta vegada el torpede va tocar el nou objectiu, penetrant per la zona de popa a la bodega numero 3, fent explosi\u00f3 a la sala de m\u00e0quines. En q\u00fcesti\u00f3 de pocs minuts el creuer va ser enfonsat davant la costa de Malgrat de Mar.<\/p>\n\n\n<div class=\"wp-block-image\">\n<figure class=\"aligncenter size-large is-resized\"><img loading=\"lazy\" decoding=\"async\" width=\"512\" height=\"384\" src=\"https:\/\/www.laselva1936.com\/wp-content\/uploads\/2023\/12\/definitivociudadbcn-512x384.png\" alt=\"\" class=\"wp-image-1020\" style=\"width:697px;height:auto\" srcset=\"https:\/\/www.laselva1936.com\/wp-content\/uploads\/2023\/12\/definitivociudadbcn-512x384.png 512w, https:\/\/www.laselva1936.com\/wp-content\/uploads\/2023\/12\/definitivociudadbcn-300x225.png 300w, https:\/\/www.laselva1936.com\/wp-content\/uploads\/2023\/12\/definitivociudadbcn-768x576.png 768w, https:\/\/www.laselva1936.com\/wp-content\/uploads\/2023\/12\/definitivociudadbcn.png 1499w\" sizes=\"auto, (max-width: 512px) 100vw, 512px\" \/><figcaption class=\"wp-element-caption\"><em>Lamines del Ciudad de Barcelona dissenyades per LASELVA1936<\/em><\/figcaption><\/figure>\n<\/div>\n\n\n<p>Aquesta explosi\u00f3 tan forta es va sentir a totes les poblacions properes a Malgrat de Mar, fins i tot a Lloret de Mar, on part de la poblaci\u00f3 va dirigir-se a les roques de la Dona Marinera per a observar que havia passat. Des de Malgrat es va avisar per tel\u00e8fon a totes les poblacions properes i a Barcelona. D&#8217;altra banda, des de Malgrat, Blanes i Lloret, es van dirigir r\u00e0pidament a la zona els pescadors amb les seves embarcacions, per tal de soc\u00f3rrer a la tripulaci\u00f3 i passatgers dels vaixell que ja es trobaven dins l&#8217;aigua a m\u00e9s d&#8217;un kil\u00f2metre de la costa. Les primeres ambul\u00e0ncies en arribar a Malgrat de Mar van ser les de Matar\u00f3. La primera, la de Mutualitat Alian\u00e7a Mataronina que va portar als ferits m\u00e9s greus cap a Barcelona i m\u00e9s tard l&#8217;ambul\u00e0ncia de la Creu Roja de Matar\u00f3 juntament amb tres camions m\u00e9s. M\u00e9s tard van arribar les ambul\u00e0ncies de Barcelona per continuar evacuant els ferits que pr\u00e8viament van ser atesos pels metges de la zona. Els Brigadistes supervivents van ser auxiliats a la caserna d&#8217;Artilleria i a l&#8217;hospital de Malgrat de Mar, segons fonts orals alguns americans tamb\u00e9 van ser enviats a Blanes.<br>El president Companys es va dirigir cap a Malgrat de Mar en quant es va assabentar de l&#8217;enfonsament.<\/p>\n\n\n\n<p>En aquest criminal atac van perdre la vida una cinquantena de persones, la seva gran majoria Brigadistes Internacionals que venien a lluitar per alliberar el pa\u00eds del terror feixista.<br>El submar\u00ed que aquell dia va produir les brutals agressions va ser el General Sanjurjo, cedit per Mussolini.<\/p>\n","protected":false},"excerpt":{"rendered":"<p>El diumenge 30 de maig de 1937, amb la mar ben plana, les platges de la zona eren plenes de nens aprofitant el bon temps. A quarts d&#8217;onze, a Lloret de Mar i a una milla mar endins es va veure un vaixell mercant; cosa que no va fer patir als banyistes de Lloret, ja &hellip; <\/p>\n","protected":false},"author":1,"featured_media":1019,"comment_status":"open","ping_status":"open","sticky":false,"template":"","format":"standard","meta":{"_monsterinsights_skip_tracking":false,"_monsterinsights_sitenote_active":false,"_monsterinsights_sitenote_note":"","_monsterinsights_sitenote_category":0,"footnotes":""},"categories":[1],"tags":[39,40],"class_list":["post-1018","post","type-post","status-publish","format-standard","has-post-thumbnail","hentry","category-uncategorized","tag-ciudad-de-barcelona","tag-marina","latest_post"],"yoast_head":"<!-- This site is optimized with the Yoast SEO plugin v25.9 - https:\/\/yoast.com\/wordpress\/plugins\/seo\/ -->\n<title>ENFONSAMENT DEL CIUDAD DE BARCELONA - LA SELVA 1936<\/title>\n<meta name=\"description\" content=\"Tres hores m\u00e9s tard del fet ocorregut a Lloret de Mar, a les dues del mig dia, el vaixell Ciudad de Barcelona que navegava ...\" \/>\n<meta name=\"robots\" content=\"index, follow, max-snippet:-1, max-image-preview:large, max-video-preview:-1\" \/>\n<link rel=\"canonical\" href=\"https:\/\/www.laselva1936.com\/index.php\/2022\/05\/30\/enfonsament-del-ciudad-de-barcelona\/\" \/>\n<meta property=\"og:locale\" content=\"es_ES\" \/>\n<meta property=\"og:type\" content=\"article\" \/>\n<meta property=\"og:title\" content=\"ENFONSAMENT DEL CIUDAD DE BARCELONA - LA SELVA 1936\" \/>\n<meta property=\"og:description\" content=\"Tres hores m\u00e9s tard del fet ocorregut a Lloret de Mar, a les dues del mig dia, el vaixell Ciudad de Barcelona que navegava ...\" \/>\n<meta property=\"og:url\" content=\"https:\/\/www.laselva1936.com\/index.php\/2022\/05\/30\/enfonsament-del-ciudad-de-barcelona\/\" \/>\n<meta property=\"og:site_name\" content=\"LA SELVA 1936\" \/>\n<meta property=\"article:published_time\" content=\"2022-05-30T17:47:00+00:00\" \/>\n<meta property=\"article:modified_time\" content=\"2023-12-25T18:09:18+00:00\" \/>\n<meta property=\"og:image\" content=\"https:\/\/www.laselva1936.com\/wp-content\/uploads\/2023\/12\/torpedolloretinsta-512x384.png\" \/>\n\t<meta property=\"og:image:width\" content=\"512\" \/>\n\t<meta property=\"og:image:height\" content=\"384\" \/>\n\t<meta property=\"og:image:type\" content=\"image\/png\" \/>\n<meta name=\"author\" content=\"admin\" \/>\n<meta name=\"twitter:card\" content=\"summary_large_image\" \/>\n<meta name=\"twitter:label1\" content=\"Escrito por\" \/>\n\t<meta name=\"twitter:data1\" content=\"admin\" \/>\n\t<meta name=\"twitter:label2\" content=\"Tiempo de lectura\" \/>\n\t<meta name=\"twitter:data2\" content=\"4 minutos\" \/>\n<script type=\"application\/ld+json\" class=\"yoast-schema-graph\">{\"@context\":\"https:\/\/schema.org\",\"@graph\":[{\"@type\":\"Article\",\"@id\":\"https:\/\/www.laselva1936.com\/index.php\/2022\/05\/30\/enfonsament-del-ciudad-de-barcelona\/#article\",\"isPartOf\":{\"@id\":\"https:\/\/www.laselva1936.com\/index.php\/2022\/05\/30\/enfonsament-del-ciudad-de-barcelona\/\"},\"author\":{\"name\":\"admin\",\"@id\":\"https:\/\/www.laselva1936.com\/#\/schema\/person\/d60fe5471bea90115dd840a889f57670\"},\"headline\":\"ENFONSAMENT DEL CIUDAD DE BARCELONA\",\"datePublished\":\"2022-05-30T17:47:00+00:00\",\"dateModified\":\"2023-12-25T18:09:18+00:00\",\"mainEntityOfPage\":{\"@id\":\"https:\/\/www.laselva1936.com\/index.php\/2022\/05\/30\/enfonsament-del-ciudad-de-barcelona\/\"},\"wordCount\":685,\"commentCount\":0,\"publisher\":{\"@id\":\"https:\/\/www.laselva1936.com\/#organization\"},\"image\":{\"@id\":\"https:\/\/www.laselva1936.com\/index.php\/2022\/05\/30\/enfonsament-del-ciudad-de-barcelona\/#primaryimage\"},\"thumbnailUrl\":\"https:\/\/www.laselva1936.com\/wp-content\/uploads\/2023\/12\/torpedolloretinsta.png\",\"keywords\":[\"Ciudad de Barcelona\",\"Marina\"],\"articleSection\":[\"Uncategorized\"],\"inLanguage\":\"es\",\"potentialAction\":[{\"@type\":\"CommentAction\",\"name\":\"Comment\",\"target\":[\"https:\/\/www.laselva1936.com\/index.php\/2022\/05\/30\/enfonsament-del-ciudad-de-barcelona\/#respond\"]}]},{\"@type\":\"WebPage\",\"@id\":\"https:\/\/www.laselva1936.com\/index.php\/2022\/05\/30\/enfonsament-del-ciudad-de-barcelona\/\",\"url\":\"https:\/\/www.laselva1936.com\/index.php\/2022\/05\/30\/enfonsament-del-ciudad-de-barcelona\/\",\"name\":\"ENFONSAMENT DEL CIUDAD DE BARCELONA - LA SELVA 1936\",\"isPartOf\":{\"@id\":\"https:\/\/www.laselva1936.com\/#website\"},\"primaryImageOfPage\":{\"@id\":\"https:\/\/www.laselva1936.com\/index.php\/2022\/05\/30\/enfonsament-del-ciudad-de-barcelona\/#primaryimage\"},\"image\":{\"@id\":\"https:\/\/www.laselva1936.com\/index.php\/2022\/05\/30\/enfonsament-del-ciudad-de-barcelona\/#primaryimage\"},\"thumbnailUrl\":\"https:\/\/www.laselva1936.com\/wp-content\/uploads\/2023\/12\/torpedolloretinsta.png\",\"datePublished\":\"2022-05-30T17:47:00+00:00\",\"dateModified\":\"2023-12-25T18:09:18+00:00\",\"description\":\"Tres hores m\u00e9s tard del fet ocorregut a Lloret de Mar, a les dues del mig dia, el vaixell Ciudad de Barcelona que navegava ...\",\"breadcrumb\":{\"@id\":\"https:\/\/www.laselva1936.com\/index.php\/2022\/05\/30\/enfonsament-del-ciudad-de-barcelona\/#breadcrumb\"},\"inLanguage\":\"es\",\"potentialAction\":[{\"@type\":\"ReadAction\",\"target\":[\"https:\/\/www.laselva1936.com\/index.php\/2022\/05\/30\/enfonsament-del-ciudad-de-barcelona\/\"]}]},{\"@type\":\"ImageObject\",\"inLanguage\":\"es\",\"@id\":\"https:\/\/www.laselva1936.com\/index.php\/2022\/05\/30\/enfonsament-del-ciudad-de-barcelona\/#primaryimage\",\"url\":\"https:\/\/www.laselva1936.com\/wp-content\/uploads\/2023\/12\/torpedolloretinsta.png\",\"contentUrl\":\"https:\/\/www.laselva1936.com\/wp-content\/uploads\/2023\/12\/torpedolloretinsta.png\",\"width\":1499,\"height\":1124},{\"@type\":\"BreadcrumbList\",\"@id\":\"https:\/\/www.laselva1936.com\/index.php\/2022\/05\/30\/enfonsament-del-ciudad-de-barcelona\/#breadcrumb\",\"itemListElement\":[{\"@type\":\"ListItem\",\"position\":1,\"name\":\"Portada\",\"item\":\"https:\/\/www.laselva1936.com\/\"},{\"@type\":\"ListItem\",\"position\":2,\"name\":\"ENFONSAMENT DEL CIUDAD DE BARCELONA\"}]},{\"@type\":\"WebSite\",\"@id\":\"https:\/\/www.laselva1936.com\/#website\",\"url\":\"https:\/\/www.laselva1936.com\/\",\"name\":\"LA SELVA 1936\",\"description\":\"Guerra Civil a la Comarca de la Selva\",\"publisher\":{\"@id\":\"https:\/\/www.laselva1936.com\/#organization\"},\"potentialAction\":[{\"@type\":\"SearchAction\",\"target\":{\"@type\":\"EntryPoint\",\"urlTemplate\":\"https:\/\/www.laselva1936.com\/?s={search_term_string}\"},\"query-input\":{\"@type\":\"PropertyValueSpecification\",\"valueRequired\":true,\"valueName\":\"search_term_string\"}}],\"inLanguage\":\"es\"},{\"@type\":\"Organization\",\"@id\":\"https:\/\/www.laselva1936.com\/#organization\",\"name\":\"LASELVA1936\",\"url\":\"https:\/\/www.laselva1936.com\/\",\"logo\":{\"@type\":\"ImageObject\",\"inLanguage\":\"es\",\"@id\":\"https:\/\/www.laselva1936.com\/#\/schema\/logo\/image\/\",\"url\":\"https:\/\/www.laselva1936.com\/wp-content\/uploads\/2023\/12\/logo-selba-1-e1703449298413.png\",\"contentUrl\":\"https:\/\/www.laselva1936.com\/wp-content\/uploads\/2023\/12\/logo-selba-1-e1703449298413.png\",\"width\":202,\"height\":197,\"caption\":\"LASELVA1936\"},\"image\":{\"@id\":\"https:\/\/www.laselva1936.com\/#\/schema\/logo\/image\/\"}},{\"@type\":\"Person\",\"@id\":\"https:\/\/www.laselva1936.com\/#\/schema\/person\/d60fe5471bea90115dd840a889f57670\",\"name\":\"admin\",\"image\":{\"@type\":\"ImageObject\",\"inLanguage\":\"es\",\"@id\":\"https:\/\/www.laselva1936.com\/#\/schema\/person\/image\/\",\"url\":\"https:\/\/secure.gravatar.com\/avatar\/bd3e3fb8e72565e5614e9ad869ceec67a2d2d5ff7a73db7791b31003ff67f31c?s=96&d=mm&r=g\",\"contentUrl\":\"https:\/\/secure.gravatar.com\/avatar\/bd3e3fb8e72565e5614e9ad869ceec67a2d2d5ff7a73db7791b31003ff67f31c?s=96&d=mm&r=g\",\"caption\":\"admin\"},\"sameAs\":[\"https:\/\/www.laselva1936.com\"],\"url\":\"https:\/\/www.laselva1936.com\/index.php\/author\/admin\/\"}]}<\/script>\n<!-- \/ Yoast SEO plugin. -->","yoast_head_json":{"title":"ENFONSAMENT DEL CIUDAD DE BARCELONA - LA SELVA 1936","description":"Tres hores m\u00e9s tard del fet ocorregut a Lloret de Mar, a les dues del mig dia, el vaixell Ciudad de Barcelona que navegava ...","robots":{"index":"index","follow":"follow","max-snippet":"max-snippet:-1","max-image-preview":"max-image-preview:large","max-video-preview":"max-video-preview:-1"},"canonical":"https:\/\/www.laselva1936.com\/index.php\/2022\/05\/30\/enfonsament-del-ciudad-de-barcelona\/","og_locale":"es_ES","og_type":"article","og_title":"ENFONSAMENT DEL CIUDAD DE BARCELONA - LA SELVA 1936","og_description":"Tres hores m\u00e9s tard del fet ocorregut a Lloret de Mar, a les dues del mig dia, el vaixell Ciudad de Barcelona que navegava ...","og_url":"https:\/\/www.laselva1936.com\/index.php\/2022\/05\/30\/enfonsament-del-ciudad-de-barcelona\/","og_site_name":"LA SELVA 1936","article_published_time":"2022-05-30T17:47:00+00:00","article_modified_time":"2023-12-25T18:09:18+00:00","og_image":[{"width":512,"height":384,"url":"https:\/\/www.laselva1936.com\/wp-content\/uploads\/2023\/12\/torpedolloretinsta-512x384.png","type":"image\/png"}],"author":"admin","twitter_card":"summary_large_image","twitter_misc":{"Escrito por":"admin","Tiempo de lectura":"4 minutos"},"schema":{"@context":"https:\/\/schema.org","@graph":[{"@type":"Article","@id":"https:\/\/www.laselva1936.com\/index.php\/2022\/05\/30\/enfonsament-del-ciudad-de-barcelona\/#article","isPartOf":{"@id":"https:\/\/www.laselva1936.com\/index.php\/2022\/05\/30\/enfonsament-del-ciudad-de-barcelona\/"},"author":{"name":"admin","@id":"https:\/\/www.laselva1936.com\/#\/schema\/person\/d60fe5471bea90115dd840a889f57670"},"headline":"ENFONSAMENT DEL CIUDAD DE BARCELONA","datePublished":"2022-05-30T17:47:00+00:00","dateModified":"2023-12-25T18:09:18+00:00","mainEntityOfPage":{"@id":"https:\/\/www.laselva1936.com\/index.php\/2022\/05\/30\/enfonsament-del-ciudad-de-barcelona\/"},"wordCount":685,"commentCount":0,"publisher":{"@id":"https:\/\/www.laselva1936.com\/#organization"},"image":{"@id":"https:\/\/www.laselva1936.com\/index.php\/2022\/05\/30\/enfonsament-del-ciudad-de-barcelona\/#primaryimage"},"thumbnailUrl":"https:\/\/www.laselva1936.com\/wp-content\/uploads\/2023\/12\/torpedolloretinsta.png","keywords":["Ciudad de Barcelona","Marina"],"articleSection":["Uncategorized"],"inLanguage":"es","potentialAction":[{"@type":"CommentAction","name":"Comment","target":["https:\/\/www.laselva1936.com\/index.php\/2022\/05\/30\/enfonsament-del-ciudad-de-barcelona\/#respond"]}]},{"@type":"WebPage","@id":"https:\/\/www.laselva1936.com\/index.php\/2022\/05\/30\/enfonsament-del-ciudad-de-barcelona\/","url":"https:\/\/www.laselva1936.com\/index.php\/2022\/05\/30\/enfonsament-del-ciudad-de-barcelona\/","name":"ENFONSAMENT DEL CIUDAD DE BARCELONA - LA SELVA 1936","isPartOf":{"@id":"https:\/\/www.laselva1936.com\/#website"},"primaryImageOfPage":{"@id":"https:\/\/www.laselva1936.com\/index.php\/2022\/05\/30\/enfonsament-del-ciudad-de-barcelona\/#primaryimage"},"image":{"@id":"https:\/\/www.laselva1936.com\/index.php\/2022\/05\/30\/enfonsament-del-ciudad-de-barcelona\/#primaryimage"},"thumbnailUrl":"https:\/\/www.laselva1936.com\/wp-content\/uploads\/2023\/12\/torpedolloretinsta.png","datePublished":"2022-05-30T17:47:00+00:00","dateModified":"2023-12-25T18:09:18+00:00","description":"Tres hores m\u00e9s tard del fet ocorregut a Lloret de Mar, a les dues del mig dia, el vaixell Ciudad de Barcelona que navegava ...","breadcrumb":{"@id":"https:\/\/www.laselva1936.com\/index.php\/2022\/05\/30\/enfonsament-del-ciudad-de-barcelona\/#breadcrumb"},"inLanguage":"es","potentialAction":[{"@type":"ReadAction","target":["https:\/\/www.laselva1936.com\/index.php\/2022\/05\/30\/enfonsament-del-ciudad-de-barcelona\/"]}]},{"@type":"ImageObject","inLanguage":"es","@id":"https:\/\/www.laselva1936.com\/index.php\/2022\/05\/30\/enfonsament-del-ciudad-de-barcelona\/#primaryimage","url":"https:\/\/www.laselva1936.com\/wp-content\/uploads\/2023\/12\/torpedolloretinsta.png","contentUrl":"https:\/\/www.laselva1936.com\/wp-content\/uploads\/2023\/12\/torpedolloretinsta.png","width":1499,"height":1124},{"@type":"BreadcrumbList","@id":"https:\/\/www.laselva1936.com\/index.php\/2022\/05\/30\/enfonsament-del-ciudad-de-barcelona\/#breadcrumb","itemListElement":[{"@type":"ListItem","position":1,"name":"Portada","item":"https:\/\/www.laselva1936.com\/"},{"@type":"ListItem","position":2,"name":"ENFONSAMENT DEL CIUDAD DE BARCELONA"}]},{"@type":"WebSite","@id":"https:\/\/www.laselva1936.com\/#website","url":"https:\/\/www.laselva1936.com\/","name":"LA SELVA 1936","description":"Guerra Civil a la Comarca de la Selva","publisher":{"@id":"https:\/\/www.laselva1936.com\/#organization"},"potentialAction":[{"@type":"SearchAction","target":{"@type":"EntryPoint","urlTemplate":"https:\/\/www.laselva1936.com\/?s={search_term_string}"},"query-input":{"@type":"PropertyValueSpecification","valueRequired":true,"valueName":"search_term_string"}}],"inLanguage":"es"},{"@type":"Organization","@id":"https:\/\/www.laselva1936.com\/#organization","name":"LASELVA1936","url":"https:\/\/www.laselva1936.com\/","logo":{"@type":"ImageObject","inLanguage":"es","@id":"https:\/\/www.laselva1936.com\/#\/schema\/logo\/image\/","url":"https:\/\/www.laselva1936.com\/wp-content\/uploads\/2023\/12\/logo-selba-1-e1703449298413.png","contentUrl":"https:\/\/www.laselva1936.com\/wp-content\/uploads\/2023\/12\/logo-selba-1-e1703449298413.png","width":202,"height":197,"caption":"LASELVA1936"},"image":{"@id":"https:\/\/www.laselva1936.com\/#\/schema\/logo\/image\/"}},{"@type":"Person","@id":"https:\/\/www.laselva1936.com\/#\/schema\/person\/d60fe5471bea90115dd840a889f57670","name":"admin","image":{"@type":"ImageObject","inLanguage":"es","@id":"https:\/\/www.laselva1936.com\/#\/schema\/person\/image\/","url":"https:\/\/secure.gravatar.com\/avatar\/bd3e3fb8e72565e5614e9ad869ceec67a2d2d5ff7a73db7791b31003ff67f31c?s=96&d=mm&r=g","contentUrl":"https:\/\/secure.gravatar.com\/avatar\/bd3e3fb8e72565e5614e9ad869ceec67a2d2d5ff7a73db7791b31003ff67f31c?s=96&d=mm&r=g","caption":"admin"},"sameAs":["https:\/\/www.laselva1936.com"],"url":"https:\/\/www.laselva1936.com\/index.php\/author\/admin\/"}]}},"_links":{"self":[{"href":"https:\/\/www.laselva1936.com\/index.php\/wp-json\/wp\/v2\/posts\/1018","targetHints":{"allow":["GET"]}}],"collection":[{"href":"https:\/\/www.laselva1936.com\/index.php\/wp-json\/wp\/v2\/posts"}],"about":[{"href":"https:\/\/www.laselva1936.com\/index.php\/wp-json\/wp\/v2\/types\/post"}],"author":[{"embeddable":true,"href":"https:\/\/www.laselva1936.com\/index.php\/wp-json\/wp\/v2\/users\/1"}],"replies":[{"embeddable":true,"href":"https:\/\/www.laselva1936.com\/index.php\/wp-json\/wp\/v2\/comments?post=1018"}],"version-history":[{"count":2,"href":"https:\/\/www.laselva1936.com\/index.php\/wp-json\/wp\/v2\/posts\/1018\/revisions"}],"predecessor-version":[{"id":1026,"href":"https:\/\/www.laselva1936.com\/index.php\/wp-json\/wp\/v2\/posts\/1018\/revisions\/1026"}],"wp:featuredmedia":[{"embeddable":true,"href":"https:\/\/www.laselva1936.com\/index.php\/wp-json\/wp\/v2\/media\/1019"}],"wp:attachment":[{"href":"https:\/\/www.laselva1936.com\/index.php\/wp-json\/wp\/v2\/media?parent=1018"}],"wp:term":[{"taxonomy":"category","embeddable":true,"href":"https:\/\/www.laselva1936.com\/index.php\/wp-json\/wp\/v2\/categories?post=1018"},{"taxonomy":"post_tag","embeddable":true,"href":"https:\/\/www.laselva1936.com\/index.php\/wp-json\/wp\/v2\/tags?post=1018"}],"curies":[{"name":"wp","href":"https:\/\/api.w.org\/{rel}","templated":true}]}}